{"id":934,"date":"2024-12-23T17:37:30","date_gmt":"2024-12-23T16:37:30","guid":{"rendered":"https:\/\/riresdenfants-rouen.fr\/RE\/?p=934"},"modified":"2024-12-23T17:44:51","modified_gmt":"2024-12-23T16:44:51","slug":"nouvelles-decorations","status":"publish","type":"post","link":"https:\/\/riresdenfants-rouen.fr\/RE\/2024\/12\/23\/nouvelles-decorations\/","title":{"rendered":"Nouvelles d\u00e9corations"},"content":{"rendered":"\n<p>Apr\u00e8s les fresques et les d\u00e9corations des urgences, des couloirs et des chambres, et les petits panneaux qui vont \u00eatre pos\u00e9s, voil\u00e0 encore un peu de couleur pour les enfants . Ces nouvelles fresques (en cours de r\u00e9alisation au 23 d\u00e9c) ) sont situ\u00e9es dans la salle d&#8217;attente des consultations ORL et dans la salle de jeux du service de chirurgie. Elles sont ex\u00e9cut\u00e9es par Kejo-art.com. Ces deux oeuvres ont b\u00e9n\u00e9fici\u00e9 d&#8217;une prise en charge par le festival Viz&#8217;Art \u00e0 Amfreville la Mivoie qui a eu lieu au b\u00e9n\u00e9fice de notre association.<\/p>\n\n\n<div class=\"wp-block-image\">\n<figure class=\"aligncenter size-large is-resized\"><img loading=\"lazy\" decoding=\"async\" width=\"362\" height=\"512\" src=\"https:\/\/riresdenfants-rouen.fr\/RE\/wp-content\/uploads\/2024\/12\/AC98274A-E579-4653-A401-D6E5EC59144A-362x512.png\" alt=\"\" class=\"wp-image-935\" style=\"width:154px;height:auto\" srcset=\"https:\/\/riresdenfants-rouen.fr\/RE\/wp-content\/uploads\/2024\/12\/AC98274A-E579-4653-A401-D6E5EC59144A-362x512.png 362w, https:\/\/riresdenfants-rouen.fr\/RE\/wp-content\/uploads\/2024\/12\/AC98274A-E579-4653-A401-D6E5EC59144A-212x300.png 212w, https:\/\/riresdenfants-rouen.fr\/RE\/wp-content\/uploads\/2024\/12\/AC98274A-E579-4653-A401-D6E5EC59144A-768x1086.png 768w, https:\/\/riresdenfants-rouen.fr\/RE\/wp-content\/uploads\/2024\/12\/AC98274A-E579-4653-A401-D6E5EC59144A-1086x1536.png 1086w, https:\/\/riresdenfants-rouen.fr\/RE\/wp-content\/uploads\/2024\/12\/AC98274A-E579-4653-A401-D6E5EC59144A.png 1414w\" sizes=\"(max-width: 362px) 100vw, 362px\" \/><\/figure><\/div>\n\n\n<figure class=\"wp-block-image size-full is-resized\"><img decoding=\"async\" src=\"https:\/\/riresdenfants-rouen.fr\/RE\/wp-content\/uploads\/2024\/12\/C592D414-E2EC-4D9A-BEF1-DA54C1D913D7.heic\" alt=\"\" class=\"wp-image-938\" style=\"width:840px;height:auto\"\/><\/figure>\n\n\n\n<figure class=\"wp-block-video\"><video controls src=\"https:\/\/riresdenfants-rouen.fr\/RE\/wp-content\/uploads\/2024\/12\/IMG_6530.mov\"><\/video><\/figure>\n\n\n\n<figure class=\"wp-block-video\"><\/figure>\n","protected":false},"excerpt":{"rendered":"<p>Apr\u00e8s les fresques et les d\u00e9corations des urgences, des couloirs et des chambres, et les petits panneaux qui vont \u00eatre pos\u00e9s, voil\u00e0 encore un peu de couleur pour les enfants . Ces nouvelles fresques (en cours de r\u00e9alisation au 23 d\u00e9c) ) sont situ\u00e9es dans la salle d&#8217;attente des consultations ORL et dans la salle [&hellip;]<\/p>\n","protected":false},"author":1,"featured_media":936,"comment_status":"closed","ping_status":"closed","sticky":false,"template":"","format":"image","meta":{"footnotes":""},"categories":[3,5],"tags":[],"yoast_head":"<!-- This site is optimized with the Yoast SEO plugin v21.1 - https:\/\/yoast.com\/wordpress\/plugins\/seo\/ -->\n<title>Nouvelles d\u00e9corations - Rires d&#039;enfants Rouen<\/title>\n<meta name=\"robots\" content=\"index, follow, max-snippet:-1, max-image-preview:large, max-video-preview:-1\" \/>\n<link rel=\"canonical\" href=\"https:\/\/riresdenfants-rouen.fr\/RE\/2024\/12\/23\/nouvelles-decorations\/\" \/>\n<meta property=\"og:locale\" content=\"fr_FR\" \/>\n<meta property=\"og:type\" content=\"article\" \/>\n<meta property=\"og:title\" content=\"Nouvelles d\u00e9corations - Rires d&#039;enfants Rouen\" \/>\n<meta property=\"og:description\" content=\"Apr\u00e8s les fresques et les d\u00e9corations des urgences, des couloirs et des chambres, et les petits panneaux qui vont \u00eatre pos\u00e9s, voil\u00e0 encore un peu de couleur pour les enfants . Ces nouvelles fresques (en cours de r\u00e9alisation au 23 d\u00e9c) ) sont situ\u00e9es dans la salle d&#8217;attente des consultations ORL et dans la salle [&hellip;]\" \/>\n<meta property=\"og:url\" content=\"https:\/\/riresdenfants-rouen.fr\/RE\/2024\/12\/23\/nouvelles-decorations\/\" \/>\n<meta property=\"og:site_name\" content=\"Rires d&#039;enfants Rouen\" \/>\n<meta property=\"article:publisher\" content=\"https:\/\/www.facebook.com\/Association-Rires-dEnfants-Rouen-211721688936602\/?view_public_for=211721688936602\" \/>\n<meta property=\"article:published_time\" content=\"2024-12-23T16:37:30+00:00\" \/>\n<meta property=\"article:modified_time\" content=\"2024-12-23T16:44:51+00:00\" \/>\n<meta property=\"og:image\" content=\"https:\/\/riresdenfants-rouen.fr\/RE\/wp-content\/uploads\/2020\/08\/Tendanceouest-1.png\" \/>\n\t<meta property=\"og:image:width\" content=\"632\" \/>\n\t<meta property=\"og:image:height\" content=\"651\" \/>\n\t<meta property=\"og:image:type\" content=\"image\/png\" \/>\n<meta name=\"author\" content=\"Francoise\" \/>\n<meta name=\"twitter:card\" content=\"summary_large_image\" \/>\n<meta name=\"twitter:label1\" content=\"\u00c9crit par\" \/>\n\t<meta name=\"twitter:data1\" content=\"Francoise\" \/>\n\t<meta name=\"twitter:label2\" content=\"Dur\u00e9e de lecture estim\u00e9e\" \/>\n\t<meta name=\"twitter:data2\" content=\"1 minute\" \/>\n<script type=\"application\/ld+json\" class=\"yoast-schema-graph\">{\"@context\":\"https:\/\/schema.org\",\"@graph\":[{\"@type\":\"Article\",\"@id\":\"https:\/\/riresdenfants-rouen.fr\/RE\/2024\/12\/23\/nouvelles-decorations\/#article\",\"isPartOf\":{\"@id\":\"https:\/\/riresdenfants-rouen.fr\/RE\/2024\/12\/23\/nouvelles-decorations\/\"},\"author\":{\"name\":\"Francoise\",\"@id\":\"https:\/\/riresdenfants-rouen.fr\/RE\/#\/schema\/person\/218dfa3f2d0e889b1283f846fb28804c\"},\"headline\":\"Nouvelles d\u00e9corations\",\"datePublished\":\"2024-12-23T16:37:30+00:00\",\"dateModified\":\"2024-12-23T16:44:51+00:00\",\"mainEntityOfPage\":{\"@id\":\"https:\/\/riresdenfants-rouen.fr\/RE\/2024\/12\/23\/nouvelles-decorations\/\"},\"wordCount\":104,\"publisher\":{\"@id\":\"https:\/\/riresdenfants-rouen.fr\/RE\/#organization\"},\"articleSection\":[\"Actualit\u00e9\",\"bandeau\"],\"inLanguage\":\"fr-FR\"},{\"@type\":\"WebPage\",\"@id\":\"https:\/\/riresdenfants-rouen.fr\/RE\/2024\/12\/23\/nouvelles-decorations\/\",\"url\":\"https:\/\/riresdenfants-rouen.fr\/RE\/2024\/12\/23\/nouvelles-decorations\/\",\"name\":\"Nouvelles d\u00e9corations - Rires d&#039;enfants Rouen\",\"isPartOf\":{\"@id\":\"https:\/\/riresdenfants-rouen.fr\/RE\/#website\"},\"datePublished\":\"2024-12-23T16:37:30+00:00\",\"dateModified\":\"2024-12-23T16:44:51+00:00\",\"breadcrumb\":{\"@id\":\"https:\/\/riresdenfants-rouen.fr\/RE\/2024\/12\/23\/nouvelles-decorations\/#breadcrumb\"},\"inLanguage\":\"fr-FR\",\"potentialAction\":[{\"@type\":\"ReadAction\",\"target\":[\"https:\/\/riresdenfants-rouen.fr\/RE\/2024\/12\/23\/nouvelles-decorations\/\"]}]},{\"@type\":\"BreadcrumbList\",\"@id\":\"https:\/\/riresdenfants-rouen.fr\/RE\/2024\/12\/23\/nouvelles-decorations\/#breadcrumb\",\"itemListElement\":[{\"@type\":\"ListItem\",\"position\":1,\"name\":\"Accueil\",\"item\":\"https:\/\/riresdenfants-rouen.fr\/RE\/\"},{\"@type\":\"ListItem\",\"position\":2,\"name\":\"Nouvelles d\u00e9corations\"}]},{\"@type\":\"WebSite\",\"@id\":\"https:\/\/riresdenfants-rouen.fr\/RE\/#website\",\"url\":\"https:\/\/riresdenfants-rouen.fr\/RE\/\",\"name\":\"Rires d&#039;enfants Rouen\",\"description\":\"Rires d&#039;enfants intervient au CHU Rouen depuis plus de 40 ans pr\u00e8s des enfants malades avec 80 B\u00e9n\u00e9voles\",\"publisher\":{\"@id\":\"https:\/\/riresdenfants-rouen.fr\/RE\/#organization\"},\"potentialAction\":[{\"@type\":\"SearchAction\",\"target\":{\"@type\":\"EntryPoint\",\"urlTemplate\":\"https:\/\/riresdenfants-rouen.fr\/RE\/?s={search_term_string}\"},\"query-input\":\"required name=search_term_string\"}],\"inLanguage\":\"fr-FR\"},{\"@type\":\"Organization\",\"@id\":\"https:\/\/riresdenfants-rouen.fr\/RE\/#organization\",\"name\":\"Rires d&#039;enfants Rouen\",\"url\":\"https:\/\/riresdenfants-rouen.fr\/RE\/\",\"logo\":{\"@type\":\"ImageObject\",\"inLanguage\":\"fr-FR\",\"@id\":\"https:\/\/riresdenfants-rouen.fr\/RE\/#\/schema\/logo\/image\/\",\"url\":\"https:\/\/riresdenfants-rouen.fr\/RE\/wp-content\/uploads\/2020\/08\/cropped-cropped-rire_enfants_logo-e1504523736962-300x300-1-2.jpg\",\"contentUrl\":\"https:\/\/riresdenfants-rouen.fr\/RE\/wp-content\/uploads\/2020\/08\/cropped-cropped-rire_enfants_logo-e1504523736962-300x300-1-2.jpg\",\"width\":248,\"height\":248,\"caption\":\"Rires d&#039;enfants Rouen\"},\"image\":{\"@id\":\"https:\/\/riresdenfants-rouen.fr\/RE\/#\/schema\/logo\/image\/\"},\"sameAs\":[\"https:\/\/www.facebook.com\/Association-Rires-dEnfants-Rouen-211721688936602\/?view_public_for=211721688936602\"]},{\"@type\":\"Person\",\"@id\":\"https:\/\/riresdenfants-rouen.fr\/RE\/#\/schema\/person\/218dfa3f2d0e889b1283f846fb28804c\",\"name\":\"Francoise\",\"image\":{\"@type\":\"ImageObject\",\"inLanguage\":\"fr-FR\",\"@id\":\"https:\/\/riresdenfants-rouen.fr\/RE\/#\/schema\/person\/image\/\",\"url\":\"https:\/\/secure.gravatar.com\/avatar\/ae30b793f3c3259367f955325487fd95?s=96&d=mm&r=g\",\"contentUrl\":\"https:\/\/secure.gravatar.com\/avatar\/ae30b793f3c3259367f955325487fd95?s=96&d=mm&r=g\",\"caption\":\"Francoise\"},\"url\":\"https:\/\/riresdenfants-rouen.fr\/RE\/author\/francoise\/\"}]}<\/script>\n<!-- \/ Yoast SEO plugin. -->","yoast_head_json":{"title":"Nouvelles d\u00e9corations - Rires d&#039;enfants Rouen","robots":{"index":"index","follow":"follow","max-snippet":"max-snippet:-1","max-image-preview":"max-image-preview:large","max-video-preview":"max-video-preview:-1"},"canonical":"https:\/\/riresdenfants-rouen.fr\/RE\/2024\/12\/23\/nouvelles-decorations\/","og_locale":"fr_FR","og_type":"article","og_title":"Nouvelles d\u00e9corations - Rires d&#039;enfants Rouen","og_description":"Apr\u00e8s les fresques et les d\u00e9corations des urgences, des couloirs et des chambres, et les petits panneaux qui vont \u00eatre pos\u00e9s, voil\u00e0 encore un peu de couleur pour les enfants . Ces nouvelles fresques (en cours de r\u00e9alisation au 23 d\u00e9c) ) sont situ\u00e9es dans la salle d&#8217;attente des consultations ORL et dans la salle [&hellip;]","og_url":"https:\/\/riresdenfants-rouen.fr\/RE\/2024\/12\/23\/nouvelles-decorations\/","og_site_name":"Rires d&#039;enfants Rouen","article_publisher":"https:\/\/www.facebook.com\/Association-Rires-dEnfants-Rouen-211721688936602\/?view_public_for=211721688936602","article_published_time":"2024-12-23T16:37:30+00:00","article_modified_time":"2024-12-23T16:44:51+00:00","og_image":[{"width":632,"height":651,"url":"https:\/\/riresdenfants-rouen.fr\/RE\/wp-content\/uploads\/2020\/08\/Tendanceouest-1.png","type":"image\/png"}],"author":"Francoise","twitter_card":"summary_large_image","twitter_misc":{"\u00c9crit par":"Francoise","Dur\u00e9e de lecture estim\u00e9e":"1 minute"},"schema":{"@context":"https:\/\/schema.org","@graph":[{"@type":"Article","@id":"https:\/\/riresdenfants-rouen.fr\/RE\/2024\/12\/23\/nouvelles-decorations\/#article","isPartOf":{"@id":"https:\/\/riresdenfants-rouen.fr\/RE\/2024\/12\/23\/nouvelles-decorations\/"},"author":{"name":"Francoise","@id":"https:\/\/riresdenfants-rouen.fr\/RE\/#\/schema\/person\/218dfa3f2d0e889b1283f846fb28804c"},"headline":"Nouvelles d\u00e9corations","datePublished":"2024-12-23T16:37:30+00:00","dateModified":"2024-12-23T16:44:51+00:00","mainEntityOfPage":{"@id":"https:\/\/riresdenfants-rouen.fr\/RE\/2024\/12\/23\/nouvelles-decorations\/"},"wordCount":104,"publisher":{"@id":"https:\/\/riresdenfants-rouen.fr\/RE\/#organization"},"articleSection":["Actualit\u00e9","bandeau"],"inLanguage":"fr-FR"},{"@type":"WebPage","@id":"https:\/\/riresdenfants-rouen.fr\/RE\/2024\/12\/23\/nouvelles-decorations\/","url":"https:\/\/riresdenfants-rouen.fr\/RE\/2024\/12\/23\/nouvelles-decorations\/","name":"Nouvelles d\u00e9corations - Rires d&#039;enfants Rouen","isPartOf":{"@id":"https:\/\/riresdenfants-rouen.fr\/RE\/#website"},"datePublished":"2024-12-23T16:37:30+00:00","dateModified":"2024-12-23T16:44:51+00:00","breadcrumb":{"@id":"https:\/\/riresdenfants-rouen.fr\/RE\/2024\/12\/23\/nouvelles-decorations\/#breadcrumb"},"inLanguage":"fr-FR","potentialAction":[{"@type":"ReadAction","target":["https:\/\/riresdenfants-rouen.fr\/RE\/2024\/12\/23\/nouvelles-decorations\/"]}]},{"@type":"BreadcrumbList","@id":"https:\/\/riresdenfants-rouen.fr\/RE\/2024\/12\/23\/nouvelles-decorations\/#breadcrumb","itemListElement":[{"@type":"ListItem","position":1,"name":"Accueil","item":"https:\/\/riresdenfants-rouen.fr\/RE\/"},{"@type":"ListItem","position":2,"name":"Nouvelles d\u00e9corations"}]},{"@type":"WebSite","@id":"https:\/\/riresdenfants-rouen.fr\/RE\/#website","url":"https:\/\/riresdenfants-rouen.fr\/RE\/","name":"Rires d&#039;enfants Rouen","description":"Rires d&#039;enfants intervient au CHU Rouen depuis plus de 40 ans pr\u00e8s des enfants malades avec 80 B\u00e9n\u00e9voles","publisher":{"@id":"https:\/\/riresdenfants-rouen.fr\/RE\/#organization"},"potentialAction":[{"@type":"SearchAction","target":{"@type":"EntryPoint","urlTemplate":"https:\/\/riresdenfants-rouen.fr\/RE\/?s={search_term_string}"},"query-input":"required name=search_term_string"}],"inLanguage":"fr-FR"},{"@type":"Organization","@id":"https:\/\/riresdenfants-rouen.fr\/RE\/#organization","name":"Rires d&#039;enfants Rouen","url":"https:\/\/riresdenfants-rouen.fr\/RE\/","logo":{"@type":"ImageObject","inLanguage":"fr-FR","@id":"https:\/\/riresdenfants-rouen.fr\/RE\/#\/schema\/logo\/image\/","url":"https:\/\/riresdenfants-rouen.fr\/RE\/wp-content\/uploads\/2020\/08\/cropped-cropped-rire_enfants_logo-e1504523736962-300x300-1-2.jpg","contentUrl":"https:\/\/riresdenfants-rouen.fr\/RE\/wp-content\/uploads\/2020\/08\/cropped-cropped-rire_enfants_logo-e1504523736962-300x300-1-2.jpg","width":248,"height":248,"caption":"Rires d&#039;enfants Rouen"},"image":{"@id":"https:\/\/riresdenfants-rouen.fr\/RE\/#\/schema\/logo\/image\/"},"sameAs":["https:\/\/www.facebook.com\/Association-Rires-dEnfants-Rouen-211721688936602\/?view_public_for=211721688936602"]},{"@type":"Person","@id":"https:\/\/riresdenfants-rouen.fr\/RE\/#\/schema\/person\/218dfa3f2d0e889b1283f846fb28804c","name":"Francoise","image":{"@type":"ImageObject","inLanguage":"fr-FR","@id":"https:\/\/riresdenfants-rouen.fr\/RE\/#\/schema\/person\/image\/","url":"https:\/\/secure.gravatar.com\/avatar\/ae30b793f3c3259367f955325487fd95?s=96&d=mm&r=g","contentUrl":"https:\/\/secure.gravatar.com\/avatar\/ae30b793f3c3259367f955325487fd95?s=96&d=mm&r=g","caption":"Francoise"},"url":"https:\/\/riresdenfants-rouen.fr\/RE\/author\/francoise\/"}]}},"_links":{"self":[{"href":"https:\/\/riresdenfants-rouen.fr\/RE\/wp-json\/wp\/v2\/posts\/934"}],"collection":[{"href":"https:\/\/riresdenfants-rouen.fr\/RE\/wp-json\/wp\/v2\/posts"}],"about":[{"href":"https:\/\/riresdenfants-rouen.fr\/RE\/wp-json\/wp\/v2\/types\/post"}],"author":[{"embeddable":true,"href":"https:\/\/riresdenfants-rouen.fr\/RE\/wp-json\/wp\/v2\/users\/1"}],"replies":[{"embeddable":true,"href":"https:\/\/riresdenfants-rouen.fr\/RE\/wp-json\/wp\/v2\/comments?post=934"}],"version-history":[{"count":4,"href":"https:\/\/riresdenfants-rouen.fr\/RE\/wp-json\/wp\/v2\/posts\/934\/revisions"}],"predecessor-version":[{"id":944,"href":"https:\/\/riresdenfants-rouen.fr\/RE\/wp-json\/wp\/v2\/posts\/934\/revisions\/944"}],"wp:featuredmedia":[{"embeddable":true,"href":"https:\/\/riresdenfants-rouen.fr\/RE\/wp-json\/wp\/v2\/media\/936"}],"wp:attachment":[{"href":"https:\/\/riresdenfants-rouen.fr\/RE\/wp-json\/wp\/v2\/media?parent=934"}],"wp:term":[{"taxonomy":"category","embeddable":true,"href":"https:\/\/riresdenfants-rouen.fr\/RE\/wp-json\/wp\/v2\/categories?post=934"},{"taxonomy":"post_tag","embeddable":true,"href":"https:\/\/riresdenfants-rouen.fr\/RE\/wp-json\/wp\/v2\/tags?post=934"}],"curies":[{"name":"wp","href":"https:\/\/api.w.org\/{rel}","templated":true}]}}