{"id":876,"date":"2024-03-27T17:31:39","date_gmt":"2024-03-27T16:31:39","guid":{"rendered":"https:\/\/riresdenfants-rouen.fr\/RE\/?p=876"},"modified":"2024-03-27T17:56:00","modified_gmt":"2024-03-27T16:56:00","slug":"vente-aux-encheres-doeuvres-dart-au-profit-de-rires-denfants","status":"publish","type":"post","link":"https:\/\/riresdenfants-rouen.fr\/RE\/2024\/03\/27\/vente-aux-encheres-doeuvres-dart-au-profit-de-rires-denfants\/","title":{"rendered":"Vente aux ench\u00e8res d&#8217;oeuvres d&#8217;Art au profit de Rires d&#8217;Enfants"},"content":{"rendered":"\n<figure class=\"wp-block-image size-large\"><a href=\"https:\/\/www.interencheres.com\/meubles-objets-art\/vente-caritative-art-moderne-et-contemporain-628873\"><img loading=\"lazy\" decoding=\"async\" width=\"509\" height=\"512\" src=\"https:\/\/riresdenfants-rouen.fr\/RE\/wp-content\/uploads\/2024\/03\/Sans-titre-1-509x512.jpg\" alt=\"\" class=\"wp-image-879\" srcset=\"https:\/\/riresdenfants-rouen.fr\/RE\/wp-content\/uploads\/2024\/03\/Sans-titre-1-509x512.jpg 509w, https:\/\/riresdenfants-rouen.fr\/RE\/wp-content\/uploads\/2024\/03\/Sans-titre-1-298x300.jpg 298w, https:\/\/riresdenfants-rouen.fr\/RE\/wp-content\/uploads\/2024\/03\/Sans-titre-1-150x150.jpg 150w, https:\/\/riresdenfants-rouen.fr\/RE\/wp-content\/uploads\/2024\/03\/Sans-titre-1.jpg 696w\" sizes=\"(max-width: 509px) 100vw, 509px\" \/><\/a><\/figure>\n\n\n\n<p>Le 5 avril 2024, le ROTARY club Rouen Collines sous la Pr\u00e9sidence de Fr\u00e9d\u00e9rik de Boissieu et Ma\u00eetre Delphine Bisman, commissaire-priseur, mettront en vente publique des \u0153uvres d&#8217;Art contemporain et moderne au profit de l&#8217;association Rires d&#8217;Enfants. Le b\u00e9n\u00e9fice de la vente de ces oeuvres offertes par les artistes sera vers\u00e9 \u00e0 notre association et lui permettra de nouvelles actions au profit des enfants hospitalis\u00e9s. Vous pouvez retrouver la liste de toutes les oeuvres en cliquant sur la photo de l&#8217;article. <\/p>\n\n\n\n<p><\/p>\n\n\n\n<p><\/p>\n\n\n\n<p><\/p>\n","protected":false},"excerpt":{"rendered":"<p>Le 5 avril 2024, le ROTARY club Rouen Collines sous la Pr\u00e9sidence de Fr\u00e9d\u00e9rik de Boissieu et Ma\u00eetre Delphine Bisman, commissaire-priseur, mettront en vente publique des \u0153uvres d&#8217;Art contemporain et moderne au profit de l&#8217;association Rires d&#8217;Enfants. Le b\u00e9n\u00e9fice de la vente de ces oeuvres offertes par les artistes sera vers\u00e9 \u00e0 notre association et [&hellip;]<\/p>\n","protected":false},"author":1,"featured_media":879,"comment_status":"closed","ping_status":"closed","sticky":false,"template":"","format":"image","meta":{"footnotes":""},"categories":[3,5],"tags":[],"yoast_head":"<!-- This site is optimized with the Yoast SEO plugin v21.1 - https:\/\/yoast.com\/wordpress\/plugins\/seo\/ -->\n<title>Vente aux ench\u00e8res d&#039;oeuvres d&#039;Art au profit de Rires d&#039;Enfants - Rires d&#039;enfants Rouen<\/title>\n<meta name=\"robots\" content=\"index, follow, max-snippet:-1, max-image-preview:large, max-video-preview:-1\" \/>\n<link rel=\"canonical\" href=\"https:\/\/riresdenfants-rouen.fr\/RE\/2024\/03\/27\/vente-aux-encheres-doeuvres-dart-au-profit-de-rires-denfants\/\" \/>\n<meta property=\"og:locale\" content=\"fr_FR\" \/>\n<meta property=\"og:type\" content=\"article\" \/>\n<meta property=\"og:title\" content=\"Vente aux ench\u00e8res d&#039;oeuvres d&#039;Art au profit de Rires d&#039;Enfants - Rires d&#039;enfants Rouen\" \/>\n<meta property=\"og:description\" content=\"Le 5 avril 2024, le ROTARY club Rouen Collines sous la Pr\u00e9sidence de Fr\u00e9d\u00e9rik de Boissieu et Ma\u00eetre Delphine Bisman, commissaire-priseur, mettront en vente publique des \u0153uvres d&#8217;Art contemporain et moderne au profit de l&#8217;association Rires d&#8217;Enfants. Le b\u00e9n\u00e9fice de la vente de ces oeuvres offertes par les artistes sera vers\u00e9 \u00e0 notre association et [&hellip;]\" \/>\n<meta property=\"og:url\" content=\"https:\/\/riresdenfants-rouen.fr\/RE\/2024\/03\/27\/vente-aux-encheres-doeuvres-dart-au-profit-de-rires-denfants\/\" \/>\n<meta property=\"og:site_name\" content=\"Rires d&#039;enfants Rouen\" \/>\n<meta property=\"article:publisher\" content=\"https:\/\/www.facebook.com\/Association-Rires-dEnfants-Rouen-211721688936602\/?view_public_for=211721688936602\" \/>\n<meta property=\"article:published_time\" content=\"2024-03-27T16:31:39+00:00\" \/>\n<meta property=\"article:modified_time\" content=\"2024-03-27T16:56:00+00:00\" \/>\n<meta property=\"og:image\" content=\"https:\/\/riresdenfants-rouen.fr\/RE\/wp-content\/uploads\/2024\/03\/Sans-titre-1.jpg\" \/>\n\t<meta property=\"og:image:width\" content=\"696\" \/>\n\t<meta property=\"og:image:height\" content=\"700\" \/>\n\t<meta property=\"og:image:type\" content=\"image\/jpeg\" \/>\n<meta name=\"author\" content=\"Francoise\" \/>\n<meta name=\"twitter:card\" content=\"summary_large_image\" \/>\n<meta name=\"twitter:label1\" content=\"\u00c9crit par\" \/>\n\t<meta name=\"twitter:data1\" content=\"Francoise\" \/>\n\t<meta name=\"twitter:label2\" content=\"Dur\u00e9e de lecture estim\u00e9e\" \/>\n\t<meta name=\"twitter:data2\" content=\"1 minute\" \/>\n<script type=\"application\/ld+json\" class=\"yoast-schema-graph\">{\"@context\":\"https:\/\/schema.org\",\"@graph\":[{\"@type\":\"Article\",\"@id\":\"https:\/\/riresdenfants-rouen.fr\/RE\/2024\/03\/27\/vente-aux-encheres-doeuvres-dart-au-profit-de-rires-denfants\/#article\",\"isPartOf\":{\"@id\":\"https:\/\/riresdenfants-rouen.fr\/RE\/2024\/03\/27\/vente-aux-encheres-doeuvres-dart-au-profit-de-rires-denfants\/\"},\"author\":{\"name\":\"Francoise\",\"@id\":\"https:\/\/riresdenfants-rouen.fr\/RE\/#\/schema\/person\/218dfa3f2d0e889b1283f846fb28804c\"},\"headline\":\"Vente aux ench\u00e8res d&#8217;oeuvres d&#8217;Art au profit de Rires d&#8217;Enfants\",\"datePublished\":\"2024-03-27T16:31:39+00:00\",\"dateModified\":\"2024-03-27T16:56:00+00:00\",\"mainEntityOfPage\":{\"@id\":\"https:\/\/riresdenfants-rouen.fr\/RE\/2024\/03\/27\/vente-aux-encheres-doeuvres-dart-au-profit-de-rires-denfants\/\"},\"wordCount\":96,\"publisher\":{\"@id\":\"https:\/\/riresdenfants-rouen.fr\/RE\/#organization\"},\"articleSection\":[\"Actualit\u00e9\",\"bandeau\"],\"inLanguage\":\"fr-FR\"},{\"@type\":\"WebPage\",\"@id\":\"https:\/\/riresdenfants-rouen.fr\/RE\/2024\/03\/27\/vente-aux-encheres-doeuvres-dart-au-profit-de-rires-denfants\/\",\"url\":\"https:\/\/riresdenfants-rouen.fr\/RE\/2024\/03\/27\/vente-aux-encheres-doeuvres-dart-au-profit-de-rires-denfants\/\",\"name\":\"Vente aux ench\u00e8res d'oeuvres d'Art au profit de Rires d'Enfants - Rires d&#039;enfants Rouen\",\"isPartOf\":{\"@id\":\"https:\/\/riresdenfants-rouen.fr\/RE\/#website\"},\"datePublished\":\"2024-03-27T16:31:39+00:00\",\"dateModified\":\"2024-03-27T16:56:00+00:00\",\"breadcrumb\":{\"@id\":\"https:\/\/riresdenfants-rouen.fr\/RE\/2024\/03\/27\/vente-aux-encheres-doeuvres-dart-au-profit-de-rires-denfants\/#breadcrumb\"},\"inLanguage\":\"fr-FR\",\"potentialAction\":[{\"@type\":\"ReadAction\",\"target\":[\"https:\/\/riresdenfants-rouen.fr\/RE\/2024\/03\/27\/vente-aux-encheres-doeuvres-dart-au-profit-de-rires-denfants\/\"]}]},{\"@type\":\"BreadcrumbList\",\"@id\":\"https:\/\/riresdenfants-rouen.fr\/RE\/2024\/03\/27\/vente-aux-encheres-doeuvres-dart-au-profit-de-rires-denfants\/#breadcrumb\",\"itemListElement\":[{\"@type\":\"ListItem\",\"position\":1,\"name\":\"Accueil\",\"item\":\"https:\/\/riresdenfants-rouen.fr\/RE\/\"},{\"@type\":\"ListItem\",\"position\":2,\"name\":\"Vente aux ench\u00e8res d&#8217;oeuvres d&#8217;Art au profit de Rires d&#8217;Enfants\"}]},{\"@type\":\"WebSite\",\"@id\":\"https:\/\/riresdenfants-rouen.fr\/RE\/#website\",\"url\":\"https:\/\/riresdenfants-rouen.fr\/RE\/\",\"name\":\"Rires d&#039;enfants Rouen\",\"description\":\"Rires d&#039;enfants intervient au CHU Rouen depuis plus de 40 ans pr\u00e8s des enfants malades avec 80 B\u00e9n\u00e9voles\",\"publisher\":{\"@id\":\"https:\/\/riresdenfants-rouen.fr\/RE\/#organization\"},\"potentialAction\":[{\"@type\":\"SearchAction\",\"target\":{\"@type\":\"EntryPoint\",\"urlTemplate\":\"https:\/\/riresdenfants-rouen.fr\/RE\/?s={search_term_string}\"},\"query-input\":\"required name=search_term_string\"}],\"inLanguage\":\"fr-FR\"},{\"@type\":\"Organization\",\"@id\":\"https:\/\/riresdenfants-rouen.fr\/RE\/#organization\",\"name\":\"Rires d&#039;enfants Rouen\",\"url\":\"https:\/\/riresdenfants-rouen.fr\/RE\/\",\"logo\":{\"@type\":\"ImageObject\",\"inLanguage\":\"fr-FR\",\"@id\":\"https:\/\/riresdenfants-rouen.fr\/RE\/#\/schema\/logo\/image\/\",\"url\":\"https:\/\/riresdenfants-rouen.fr\/RE\/wp-content\/uploads\/2020\/08\/cropped-cropped-rire_enfants_logo-e1504523736962-300x300-1-2.jpg\",\"contentUrl\":\"https:\/\/riresdenfants-rouen.fr\/RE\/wp-content\/uploads\/2020\/08\/cropped-cropped-rire_enfants_logo-e1504523736962-300x300-1-2.jpg\",\"width\":248,\"height\":248,\"caption\":\"Rires d&#039;enfants Rouen\"},\"image\":{\"@id\":\"https:\/\/riresdenfants-rouen.fr\/RE\/#\/schema\/logo\/image\/\"},\"sameAs\":[\"https:\/\/www.facebook.com\/Association-Rires-dEnfants-Rouen-211721688936602\/?view_public_for=211721688936602\"]},{\"@type\":\"Person\",\"@id\":\"https:\/\/riresdenfants-rouen.fr\/RE\/#\/schema\/person\/218dfa3f2d0e889b1283f846fb28804c\",\"name\":\"Francoise\",\"image\":{\"@type\":\"ImageObject\",\"inLanguage\":\"fr-FR\",\"@id\":\"https:\/\/riresdenfants-rouen.fr\/RE\/#\/schema\/person\/image\/\",\"url\":\"https:\/\/secure.gravatar.com\/avatar\/ae30b793f3c3259367f955325487fd95?s=96&d=mm&r=g\",\"contentUrl\":\"https:\/\/secure.gravatar.com\/avatar\/ae30b793f3c3259367f955325487fd95?s=96&d=mm&r=g\",\"caption\":\"Francoise\"},\"url\":\"https:\/\/riresdenfants-rouen.fr\/RE\/author\/francoise\/\"}]}<\/script>\n<!-- \/ Yoast SEO plugin. -->","yoast_head_json":{"title":"Vente aux ench\u00e8res d'oeuvres d'Art au profit de Rires d'Enfants - Rires d&#039;enfants Rouen","robots":{"index":"index","follow":"follow","max-snippet":"max-snippet:-1","max-image-preview":"max-image-preview:large","max-video-preview":"max-video-preview:-1"},"canonical":"https:\/\/riresdenfants-rouen.fr\/RE\/2024\/03\/27\/vente-aux-encheres-doeuvres-dart-au-profit-de-rires-denfants\/","og_locale":"fr_FR","og_type":"article","og_title":"Vente aux ench\u00e8res d'oeuvres d'Art au profit de Rires d'Enfants - Rires d&#039;enfants Rouen","og_description":"Le 5 avril 2024, le ROTARY club Rouen Collines sous la Pr\u00e9sidence de Fr\u00e9d\u00e9rik de Boissieu et Ma\u00eetre Delphine Bisman, commissaire-priseur, mettront en vente publique des \u0153uvres d&#8217;Art contemporain et moderne au profit de l&#8217;association Rires d&#8217;Enfants. Le b\u00e9n\u00e9fice de la vente de ces oeuvres offertes par les artistes sera vers\u00e9 \u00e0 notre association et [&hellip;]","og_url":"https:\/\/riresdenfants-rouen.fr\/RE\/2024\/03\/27\/vente-aux-encheres-doeuvres-dart-au-profit-de-rires-denfants\/","og_site_name":"Rires d&#039;enfants Rouen","article_publisher":"https:\/\/www.facebook.com\/Association-Rires-dEnfants-Rouen-211721688936602\/?view_public_for=211721688936602","article_published_time":"2024-03-27T16:31:39+00:00","article_modified_time":"2024-03-27T16:56:00+00:00","og_image":[{"width":696,"height":700,"url":"https:\/\/riresdenfants-rouen.fr\/RE\/wp-content\/uploads\/2024\/03\/Sans-titre-1.jpg","type":"image\/jpeg"}],"author":"Francoise","twitter_card":"summary_large_image","twitter_misc":{"\u00c9crit par":"Francoise","Dur\u00e9e de lecture estim\u00e9e":"1 minute"},"schema":{"@context":"https:\/\/schema.org","@graph":[{"@type":"Article","@id":"https:\/\/riresdenfants-rouen.fr\/RE\/2024\/03\/27\/vente-aux-encheres-doeuvres-dart-au-profit-de-rires-denfants\/#article","isPartOf":{"@id":"https:\/\/riresdenfants-rouen.fr\/RE\/2024\/03\/27\/vente-aux-encheres-doeuvres-dart-au-profit-de-rires-denfants\/"},"author":{"name":"Francoise","@id":"https:\/\/riresdenfants-rouen.fr\/RE\/#\/schema\/person\/218dfa3f2d0e889b1283f846fb28804c"},"headline":"Vente aux ench\u00e8res d&#8217;oeuvres d&#8217;Art au profit de Rires d&#8217;Enfants","datePublished":"2024-03-27T16:31:39+00:00","dateModified":"2024-03-27T16:56:00+00:00","mainEntityOfPage":{"@id":"https:\/\/riresdenfants-rouen.fr\/RE\/2024\/03\/27\/vente-aux-encheres-doeuvres-dart-au-profit-de-rires-denfants\/"},"wordCount":96,"publisher":{"@id":"https:\/\/riresdenfants-rouen.fr\/RE\/#organization"},"articleSection":["Actualit\u00e9","bandeau"],"inLanguage":"fr-FR"},{"@type":"WebPage","@id":"https:\/\/riresdenfants-rouen.fr\/RE\/2024\/03\/27\/vente-aux-encheres-doeuvres-dart-au-profit-de-rires-denfants\/","url":"https:\/\/riresdenfants-rouen.fr\/RE\/2024\/03\/27\/vente-aux-encheres-doeuvres-dart-au-profit-de-rires-denfants\/","name":"Vente aux ench\u00e8res d'oeuvres d'Art au profit de Rires d'Enfants - Rires d&#039;enfants Rouen","isPartOf":{"@id":"https:\/\/riresdenfants-rouen.fr\/RE\/#website"},"datePublished":"2024-03-27T16:31:39+00:00","dateModified":"2024-03-27T16:56:00+00:00","breadcrumb":{"@id":"https:\/\/riresdenfants-rouen.fr\/RE\/2024\/03\/27\/vente-aux-encheres-doeuvres-dart-au-profit-de-rires-denfants\/#breadcrumb"},"inLanguage":"fr-FR","potentialAction":[{"@type":"ReadAction","target":["https:\/\/riresdenfants-rouen.fr\/RE\/2024\/03\/27\/vente-aux-encheres-doeuvres-dart-au-profit-de-rires-denfants\/"]}]},{"@type":"BreadcrumbList","@id":"https:\/\/riresdenfants-rouen.fr\/RE\/2024\/03\/27\/vente-aux-encheres-doeuvres-dart-au-profit-de-rires-denfants\/#breadcrumb","itemListElement":[{"@type":"ListItem","position":1,"name":"Accueil","item":"https:\/\/riresdenfants-rouen.fr\/RE\/"},{"@type":"ListItem","position":2,"name":"Vente aux ench\u00e8res d&#8217;oeuvres d&#8217;Art au profit de Rires d&#8217;Enfants"}]},{"@type":"WebSite","@id":"https:\/\/riresdenfants-rouen.fr\/RE\/#website","url":"https:\/\/riresdenfants-rouen.fr\/RE\/","name":"Rires d&#039;enfants Rouen","description":"Rires d&#039;enfants intervient au CHU Rouen depuis plus de 40 ans pr\u00e8s des enfants malades avec 80 B\u00e9n\u00e9voles","publisher":{"@id":"https:\/\/riresdenfants-rouen.fr\/RE\/#organization"},"potentialAction":[{"@type":"SearchAction","target":{"@type":"EntryPoint","urlTemplate":"https:\/\/riresdenfants-rouen.fr\/RE\/?s={search_term_string}"},"query-input":"required name=search_term_string"}],"inLanguage":"fr-FR"},{"@type":"Organization","@id":"https:\/\/riresdenfants-rouen.fr\/RE\/#organization","name":"Rires d&#039;enfants Rouen","url":"https:\/\/riresdenfants-rouen.fr\/RE\/","logo":{"@type":"ImageObject","inLanguage":"fr-FR","@id":"https:\/\/riresdenfants-rouen.fr\/RE\/#\/schema\/logo\/image\/","url":"https:\/\/riresdenfants-rouen.fr\/RE\/wp-content\/uploads\/2020\/08\/cropped-cropped-rire_enfants_logo-e1504523736962-300x300-1-2.jpg","contentUrl":"https:\/\/riresdenfants-rouen.fr\/RE\/wp-content\/uploads\/2020\/08\/cropped-cropped-rire_enfants_logo-e1504523736962-300x300-1-2.jpg","width":248,"height":248,"caption":"Rires d&#039;enfants Rouen"},"image":{"@id":"https:\/\/riresdenfants-rouen.fr\/RE\/#\/schema\/logo\/image\/"},"sameAs":["https:\/\/www.facebook.com\/Association-Rires-dEnfants-Rouen-211721688936602\/?view_public_for=211721688936602"]},{"@type":"Person","@id":"https:\/\/riresdenfants-rouen.fr\/RE\/#\/schema\/person\/218dfa3f2d0e889b1283f846fb28804c","name":"Francoise","image":{"@type":"ImageObject","inLanguage":"fr-FR","@id":"https:\/\/riresdenfants-rouen.fr\/RE\/#\/schema\/person\/image\/","url":"https:\/\/secure.gravatar.com\/avatar\/ae30b793f3c3259367f955325487fd95?s=96&d=mm&r=g","contentUrl":"https:\/\/secure.gravatar.com\/avatar\/ae30b793f3c3259367f955325487fd95?s=96&d=mm&r=g","caption":"Francoise"},"url":"https:\/\/riresdenfants-rouen.fr\/RE\/author\/francoise\/"}]}},"_links":{"self":[{"href":"https:\/\/riresdenfants-rouen.fr\/RE\/wp-json\/wp\/v2\/posts\/876"}],"collection":[{"href":"https:\/\/riresdenfants-rouen.fr\/RE\/wp-json\/wp\/v2\/posts"}],"about":[{"href":"https:\/\/riresdenfants-rouen.fr\/RE\/wp-json\/wp\/v2\/types\/post"}],"author":[{"embeddable":true,"href":"https:\/\/riresdenfants-rouen.fr\/RE\/wp-json\/wp\/v2\/users\/1"}],"replies":[{"embeddable":true,"href":"https:\/\/riresdenfants-rouen.fr\/RE\/wp-json\/wp\/v2\/comments?post=876"}],"version-history":[{"count":6,"href":"https:\/\/riresdenfants-rouen.fr\/RE\/wp-json\/wp\/v2\/posts\/876\/revisions"}],"predecessor-version":[{"id":887,"href":"https:\/\/riresdenfants-rouen.fr\/RE\/wp-json\/wp\/v2\/posts\/876\/revisions\/887"}],"wp:featuredmedia":[{"embeddable":true,"href":"https:\/\/riresdenfants-rouen.fr\/RE\/wp-json\/wp\/v2\/media\/879"}],"wp:attachment":[{"href":"https:\/\/riresdenfants-rouen.fr\/RE\/wp-json\/wp\/v2\/media?parent=876"}],"wp:term":[{"taxonomy":"category","embeddable":true,"href":"https:\/\/riresdenfants-rouen.fr\/RE\/wp-json\/wp\/v2\/categories?post=876"},{"taxonomy":"post_tag","embeddable":true,"href":"https:\/\/riresdenfants-rouen.fr\/RE\/wp-json\/wp\/v2\/tags?post=876"}],"curies":[{"name":"wp","href":"https:\/\/api.w.org\/{rel}","templated":true}]}}