{"id":855,"date":"2023-12-07T17:08:31","date_gmt":"2023-12-07T16:08:31","guid":{"rendered":"https:\/\/riresdenfants-rouen.fr\/RE\/?p=855"},"modified":"2023-12-07T17:10:31","modified_gmt":"2023-12-07T16:10:31","slug":"illuminations","status":"publish","type":"post","link":"https:\/\/riresdenfants-rouen.fr\/RE\/2023\/12\/07\/illuminations\/","title":{"rendered":"Illuminations"},"content":{"rendered":"\n\n\n\n\n<p>A l&#8217;approche de No\u00ebl, l&#8217;association a mis de la lumi\u00e8re dans les services. <\/p>\n\n\n\n<figure class=\"wp-block-image size-large\"><img loading=\"lazy\" decoding=\"async\" width=\"503\" height=\"512\" src=\"https:\/\/riresdenfants-rouen.fr\/RE\/wp-content\/uploads\/2023\/12\/accueil-urg-503x512.jpeg\" alt=\"\" class=\"wp-image-863\" srcset=\"https:\/\/riresdenfants-rouen.fr\/RE\/wp-content\/uploads\/2023\/12\/accueil-urg-503x512.jpeg 503w, https:\/\/riresdenfants-rouen.fr\/RE\/wp-content\/uploads\/2023\/12\/accueil-urg-295x300.jpeg 295w, https:\/\/riresdenfants-rouen.fr\/RE\/wp-content\/uploads\/2023\/12\/accueil-urg-768x781.jpeg 768w, https:\/\/riresdenfants-rouen.fr\/RE\/wp-content\/uploads\/2023\/12\/accueil-urg.jpeg 1180w\" sizes=\"(max-width: 503px) 100vw, 503px\" \/><\/figure>\n\n\n\n<p>A l&#8217;accueil des urgences p\u00e9diatriques<\/p>\n\n\n\n<figure class=\"wp-block-image size-large\"><img loading=\"lazy\" decoding=\"async\" width=\"384\" height=\"512\" src=\"https:\/\/riresdenfants-rouen.fr\/RE\/wp-content\/uploads\/2023\/12\/soins-continus-1-384x512.jpeg\" alt=\"\" class=\"wp-image-868\" srcset=\"https:\/\/riresdenfants-rouen.fr\/RE\/wp-content\/uploads\/2023\/12\/soins-continus-1-384x512.jpeg 384w, https:\/\/riresdenfants-rouen.fr\/RE\/wp-content\/uploads\/2023\/12\/soins-continus-1-225x300.jpeg 225w, https:\/\/riresdenfants-rouen.fr\/RE\/wp-content\/uploads\/2023\/12\/soins-continus-1-768x1024.jpeg 768w, https:\/\/riresdenfants-rouen.fr\/RE\/wp-content\/uploads\/2023\/12\/soins-continus-1-1152x1536.jpeg 1152w, https:\/\/riresdenfants-rouen.fr\/RE\/wp-content\/uploads\/2023\/12\/soins-continus-1-1536x2048.jpeg 1536w, https:\/\/riresdenfants-rouen.fr\/RE\/wp-content\/uploads\/2023\/12\/soins-continus-1-scaled.jpeg 1920w\" sizes=\"(max-width: 384px) 100vw, 384px\" \/><\/figure>\n\n\n\n<p>Dans le service de r\u00e9animation et des soins continus.<\/p>\n\n\n\n<figure class=\"wp-block-image size-large\"><img loading=\"lazy\" decoding=\"async\" width=\"384\" height=\"512\" src=\"https:\/\/riresdenfants-rouen.fr\/RE\/wp-content\/uploads\/2023\/12\/chirurgie-384x512.jpeg\" alt=\"\" class=\"wp-image-859\" srcset=\"https:\/\/riresdenfants-rouen.fr\/RE\/wp-content\/uploads\/2023\/12\/chirurgie-384x512.jpeg 384w, https:\/\/riresdenfants-rouen.fr\/RE\/wp-content\/uploads\/2023\/12\/chirurgie-225x300.jpeg 225w, https:\/\/riresdenfants-rouen.fr\/RE\/wp-content\/uploads\/2023\/12\/chirurgie-768x1024.jpeg 768w, https:\/\/riresdenfants-rouen.fr\/RE\/wp-content\/uploads\/2023\/12\/chirurgie-1152x1536.jpeg 1152w, https:\/\/riresdenfants-rouen.fr\/RE\/wp-content\/uploads\/2023\/12\/chirurgie-1536x2048.jpeg 1536w, https:\/\/riresdenfants-rouen.fr\/RE\/wp-content\/uploads\/2023\/12\/chirurgie-scaled.jpeg 1920w\" sizes=\"(max-width: 384px) 100vw, 384px\" \/><\/figure>\n\n\n\n<p>Dans le service de chirurgie aussi les sapins scintillent. <\/p>\n\n\n\n<figure class=\"wp-block-image size-large\"><img loading=\"lazy\" decoding=\"async\" width=\"384\" height=\"512\" src=\"https:\/\/riresdenfants-rouen.fr\/RE\/wp-content\/uploads\/2023\/12\/distri-cadeaux-3dec-384x512.jpeg\" alt=\"\" class=\"wp-image-864\" srcset=\"https:\/\/riresdenfants-rouen.fr\/RE\/wp-content\/uploads\/2023\/12\/distri-cadeaux-3dec-384x512.jpeg 384w, https:\/\/riresdenfants-rouen.fr\/RE\/wp-content\/uploads\/2023\/12\/distri-cadeaux-3dec-225x300.jpeg 225w, https:\/\/riresdenfants-rouen.fr\/RE\/wp-content\/uploads\/2023\/12\/distri-cadeaux-3dec-768x1024.jpeg 768w, https:\/\/riresdenfants-rouen.fr\/RE\/wp-content\/uploads\/2023\/12\/distri-cadeaux-3dec-1152x1536.jpeg 1152w, https:\/\/riresdenfants-rouen.fr\/RE\/wp-content\/uploads\/2023\/12\/distri-cadeaux-3dec-1536x2048.jpeg 1536w, https:\/\/riresdenfants-rouen.fr\/RE\/wp-content\/uploads\/2023\/12\/distri-cadeaux-3dec-scaled.jpeg 1920w\" sizes=\"(max-width: 384px) 100vw, 384px\" \/><\/figure>\n\n\n\n<p>Dimanche nous avons eu le plaisir de jouer le P\u00e8re No\u00ebl avec quelques jours d&#8217;avance. <\/p>\n\n\n\n<figure class=\"wp-block-image size-large\"><img loading=\"lazy\" decoding=\"async\" width=\"384\" height=\"512\" src=\"https:\/\/riresdenfants-rouen.fr\/RE\/wp-content\/uploads\/2023\/12\/nuage2-384x512.jpeg\" alt=\"\" class=\"wp-image-858\" srcset=\"https:\/\/riresdenfants-rouen.fr\/RE\/wp-content\/uploads\/2023\/12\/nuage2-384x512.jpeg 384w, https:\/\/riresdenfants-rouen.fr\/RE\/wp-content\/uploads\/2023\/12\/nuage2-225x300.jpeg 225w, https:\/\/riresdenfants-rouen.fr\/RE\/wp-content\/uploads\/2023\/12\/nuage2-768x1024.jpeg 768w, https:\/\/riresdenfants-rouen.fr\/RE\/wp-content\/uploads\/2023\/12\/nuage2-1152x1536.jpeg 1152w, https:\/\/riresdenfants-rouen.fr\/RE\/wp-content\/uploads\/2023\/12\/nuage2-1536x2048.jpeg 1536w, https:\/\/riresdenfants-rouen.fr\/RE\/wp-content\/uploads\/2023\/12\/nuage2-scaled.jpeg 1920w\" sizes=\"(max-width: 384px) 100vw, 384px\" \/><\/figure>\n\n\n\n<p>Ce joli nuage est le premier d&#8217;une s\u00e9rie\u2026.. A bient\u00f4t pour les \u00e9toiles, le skateboard, le lapin\u2026\u2026.<\/p>\n","protected":false},"excerpt":{"rendered":"<p>A l&#8217;approche de No\u00ebl, l&#8217;association a mis de la lumi\u00e8re dans les services. A l&#8217;accueil des urgences p\u00e9diatriques Dans le service de r\u00e9animation et des soins continus. Dans le service de chirurgie aussi les sapins scintillent. Dimanche nous avons eu le plaisir de jouer le P\u00e8re No\u00ebl avec quelques jours d&#8217;avance. Ce joli nuage est [&hellip;]<\/p>\n","protected":false},"author":1,"featured_media":863,"comment_status":"closed","ping_status":"closed","sticky":false,"template":"","format":"image","meta":{"footnotes":""},"categories":[3,5],"tags":[],"yoast_head":"<!-- This site is optimized with the Yoast SEO plugin v21.1 - https:\/\/yoast.com\/wordpress\/plugins\/seo\/ -->\n<title>Illuminations - Rires d&#039;enfants Rouen<\/title>\n<meta name=\"robots\" content=\"index, follow, max-snippet:-1, max-image-preview:large, max-video-preview:-1\" \/>\n<link rel=\"canonical\" href=\"https:\/\/riresdenfants-rouen.fr\/RE\/2023\/12\/07\/illuminations\/\" \/>\n<meta property=\"og:locale\" content=\"fr_FR\" \/>\n<meta property=\"og:type\" content=\"article\" \/>\n<meta property=\"og:title\" content=\"Illuminations - Rires d&#039;enfants Rouen\" \/>\n<meta property=\"og:description\" content=\"A l&#8217;approche de No\u00ebl, l&#8217;association a mis de la lumi\u00e8re dans les services. A l&#8217;accueil des urgences p\u00e9diatriques Dans le service de r\u00e9animation et des soins continus. Dans le service de chirurgie aussi les sapins scintillent. Dimanche nous avons eu le plaisir de jouer le P\u00e8re No\u00ebl avec quelques jours d&#8217;avance. Ce joli nuage est [&hellip;]\" \/>\n<meta property=\"og:url\" content=\"https:\/\/riresdenfants-rouen.fr\/RE\/2023\/12\/07\/illuminations\/\" \/>\n<meta property=\"og:site_name\" content=\"Rires d&#039;enfants Rouen\" \/>\n<meta property=\"article:publisher\" content=\"https:\/\/www.facebook.com\/Association-Rires-dEnfants-Rouen-211721688936602\/?view_public_for=211721688936602\" \/>\n<meta property=\"article:published_time\" content=\"2023-12-07T16:08:31+00:00\" \/>\n<meta property=\"article:modified_time\" content=\"2023-12-07T16:10:31+00:00\" \/>\n<meta property=\"og:image\" content=\"https:\/\/riresdenfants-rouen.fr\/RE\/wp-content\/uploads\/2023\/12\/accueil-urg.jpeg\" \/>\n\t<meta property=\"og:image:width\" content=\"1180\" \/>\n\t<meta property=\"og:image:height\" content=\"1200\" \/>\n\t<meta property=\"og:image:type\" content=\"image\/jpeg\" \/>\n<meta name=\"author\" content=\"Francoise\" \/>\n<meta name=\"twitter:card\" content=\"summary_large_image\" \/>\n<meta name=\"twitter:label1\" content=\"\u00c9crit par\" \/>\n\t<meta name=\"twitter:data1\" content=\"Francoise\" \/>\n\t<meta name=\"twitter:label2\" content=\"Dur\u00e9e de lecture estim\u00e9e\" \/>\n\t<meta name=\"twitter:data2\" content=\"2 minutes\" \/>\n<script type=\"application\/ld+json\" class=\"yoast-schema-graph\">{\"@context\":\"https:\/\/schema.org\",\"@graph\":[{\"@type\":\"Article\",\"@id\":\"https:\/\/riresdenfants-rouen.fr\/RE\/2023\/12\/07\/illuminations\/#article\",\"isPartOf\":{\"@id\":\"https:\/\/riresdenfants-rouen.fr\/RE\/2023\/12\/07\/illuminations\/\"},\"author\":{\"name\":\"Francoise\",\"@id\":\"https:\/\/riresdenfants-rouen.fr\/RE\/#\/schema\/person\/218dfa3f2d0e889b1283f846fb28804c\"},\"headline\":\"Illuminations\",\"datePublished\":\"2023-12-07T16:08:31+00:00\",\"dateModified\":\"2023-12-07T16:10:31+00:00\",\"mainEntityOfPage\":{\"@id\":\"https:\/\/riresdenfants-rouen.fr\/RE\/2023\/12\/07\/illuminations\/\"},\"wordCount\":77,\"publisher\":{\"@id\":\"https:\/\/riresdenfants-rouen.fr\/RE\/#organization\"},\"articleSection\":[\"Actualit\u00e9\",\"bandeau\"],\"inLanguage\":\"fr-FR\"},{\"@type\":\"WebPage\",\"@id\":\"https:\/\/riresdenfants-rouen.fr\/RE\/2023\/12\/07\/illuminations\/\",\"url\":\"https:\/\/riresdenfants-rouen.fr\/RE\/2023\/12\/07\/illuminations\/\",\"name\":\"Illuminations - Rires d&#039;enfants Rouen\",\"isPartOf\":{\"@id\":\"https:\/\/riresdenfants-rouen.fr\/RE\/#website\"},\"datePublished\":\"2023-12-07T16:08:31+00:00\",\"dateModified\":\"2023-12-07T16:10:31+00:00\",\"breadcrumb\":{\"@id\":\"https:\/\/riresdenfants-rouen.fr\/RE\/2023\/12\/07\/illuminations\/#breadcrumb\"},\"inLanguage\":\"fr-FR\",\"potentialAction\":[{\"@type\":\"ReadAction\",\"target\":[\"https:\/\/riresdenfants-rouen.fr\/RE\/2023\/12\/07\/illuminations\/\"]}]},{\"@type\":\"BreadcrumbList\",\"@id\":\"https:\/\/riresdenfants-rouen.fr\/RE\/2023\/12\/07\/illuminations\/#breadcrumb\",\"itemListElement\":[{\"@type\":\"ListItem\",\"position\":1,\"name\":\"Accueil\",\"item\":\"https:\/\/riresdenfants-rouen.fr\/RE\/\"},{\"@type\":\"ListItem\",\"position\":2,\"name\":\"Illuminations\"}]},{\"@type\":\"WebSite\",\"@id\":\"https:\/\/riresdenfants-rouen.fr\/RE\/#website\",\"url\":\"https:\/\/riresdenfants-rouen.fr\/RE\/\",\"name\":\"Rires d&#039;enfants Rouen\",\"description\":\"Rires d&#039;enfants intervient au CHU Rouen depuis plus de 40 ans pr\u00e8s des enfants malades avec 80 B\u00e9n\u00e9voles\",\"publisher\":{\"@id\":\"https:\/\/riresdenfants-rouen.fr\/RE\/#organization\"},\"potentialAction\":[{\"@type\":\"SearchAction\",\"target\":{\"@type\":\"EntryPoint\",\"urlTemplate\":\"https:\/\/riresdenfants-rouen.fr\/RE\/?s={search_term_string}\"},\"query-input\":\"required name=search_term_string\"}],\"inLanguage\":\"fr-FR\"},{\"@type\":\"Organization\",\"@id\":\"https:\/\/riresdenfants-rouen.fr\/RE\/#organization\",\"name\":\"Rires d&#039;enfants Rouen\",\"url\":\"https:\/\/riresdenfants-rouen.fr\/RE\/\",\"logo\":{\"@type\":\"ImageObject\",\"inLanguage\":\"fr-FR\",\"@id\":\"https:\/\/riresdenfants-rouen.fr\/RE\/#\/schema\/logo\/image\/\",\"url\":\"https:\/\/riresdenfants-rouen.fr\/RE\/wp-content\/uploads\/2020\/08\/cropped-cropped-rire_enfants_logo-e1504523736962-300x300-1-2.jpg\",\"contentUrl\":\"https:\/\/riresdenfants-rouen.fr\/RE\/wp-content\/uploads\/2020\/08\/cropped-cropped-rire_enfants_logo-e1504523736962-300x300-1-2.jpg\",\"width\":248,\"height\":248,\"caption\":\"Rires d&#039;enfants Rouen\"},\"image\":{\"@id\":\"https:\/\/riresdenfants-rouen.fr\/RE\/#\/schema\/logo\/image\/\"},\"sameAs\":[\"https:\/\/www.facebook.com\/Association-Rires-dEnfants-Rouen-211721688936602\/?view_public_for=211721688936602\"]},{\"@type\":\"Person\",\"@id\":\"https:\/\/riresdenfants-rouen.fr\/RE\/#\/schema\/person\/218dfa3f2d0e889b1283f846fb28804c\",\"name\":\"Francoise\",\"image\":{\"@type\":\"ImageObject\",\"inLanguage\":\"fr-FR\",\"@id\":\"https:\/\/riresdenfants-rouen.fr\/RE\/#\/schema\/person\/image\/\",\"url\":\"https:\/\/secure.gravatar.com\/avatar\/ae30b793f3c3259367f955325487fd95?s=96&d=mm&r=g\",\"contentUrl\":\"https:\/\/secure.gravatar.com\/avatar\/ae30b793f3c3259367f955325487fd95?s=96&d=mm&r=g\",\"caption\":\"Francoise\"},\"url\":\"https:\/\/riresdenfants-rouen.fr\/RE\/author\/francoise\/\"}]}<\/script>\n<!-- \/ Yoast SEO plugin. -->","yoast_head_json":{"title":"Illuminations - Rires d&#039;enfants Rouen","robots":{"index":"index","follow":"follow","max-snippet":"max-snippet:-1","max-image-preview":"max-image-preview:large","max-video-preview":"max-video-preview:-1"},"canonical":"https:\/\/riresdenfants-rouen.fr\/RE\/2023\/12\/07\/illuminations\/","og_locale":"fr_FR","og_type":"article","og_title":"Illuminations - Rires d&#039;enfants Rouen","og_description":"A l&#8217;approche de No\u00ebl, l&#8217;association a mis de la lumi\u00e8re dans les services. A l&#8217;accueil des urgences p\u00e9diatriques Dans le service de r\u00e9animation et des soins continus. Dans le service de chirurgie aussi les sapins scintillent. Dimanche nous avons eu le plaisir de jouer le P\u00e8re No\u00ebl avec quelques jours d&#8217;avance. Ce joli nuage est [&hellip;]","og_url":"https:\/\/riresdenfants-rouen.fr\/RE\/2023\/12\/07\/illuminations\/","og_site_name":"Rires d&#039;enfants Rouen","article_publisher":"https:\/\/www.facebook.com\/Association-Rires-dEnfants-Rouen-211721688936602\/?view_public_for=211721688936602","article_published_time":"2023-12-07T16:08:31+00:00","article_modified_time":"2023-12-07T16:10:31+00:00","og_image":[{"width":1180,"height":1200,"url":"https:\/\/riresdenfants-rouen.fr\/RE\/wp-content\/uploads\/2023\/12\/accueil-urg.jpeg","type":"image\/jpeg"}],"author":"Francoise","twitter_card":"summary_large_image","twitter_misc":{"\u00c9crit par":"Francoise","Dur\u00e9e de lecture estim\u00e9e":"2 minutes"},"schema":{"@context":"https:\/\/schema.org","@graph":[{"@type":"Article","@id":"https:\/\/riresdenfants-rouen.fr\/RE\/2023\/12\/07\/illuminations\/#article","isPartOf":{"@id":"https:\/\/riresdenfants-rouen.fr\/RE\/2023\/12\/07\/illuminations\/"},"author":{"name":"Francoise","@id":"https:\/\/riresdenfants-rouen.fr\/RE\/#\/schema\/person\/218dfa3f2d0e889b1283f846fb28804c"},"headline":"Illuminations","datePublished":"2023-12-07T16:08:31+00:00","dateModified":"2023-12-07T16:10:31+00:00","mainEntityOfPage":{"@id":"https:\/\/riresdenfants-rouen.fr\/RE\/2023\/12\/07\/illuminations\/"},"wordCount":77,"publisher":{"@id":"https:\/\/riresdenfants-rouen.fr\/RE\/#organization"},"articleSection":["Actualit\u00e9","bandeau"],"inLanguage":"fr-FR"},{"@type":"WebPage","@id":"https:\/\/riresdenfants-rouen.fr\/RE\/2023\/12\/07\/illuminations\/","url":"https:\/\/riresdenfants-rouen.fr\/RE\/2023\/12\/07\/illuminations\/","name":"Illuminations - Rires d&#039;enfants Rouen","isPartOf":{"@id":"https:\/\/riresdenfants-rouen.fr\/RE\/#website"},"datePublished":"2023-12-07T16:08:31+00:00","dateModified":"2023-12-07T16:10:31+00:00","breadcrumb":{"@id":"https:\/\/riresdenfants-rouen.fr\/RE\/2023\/12\/07\/illuminations\/#breadcrumb"},"inLanguage":"fr-FR","potentialAction":[{"@type":"ReadAction","target":["https:\/\/riresdenfants-rouen.fr\/RE\/2023\/12\/07\/illuminations\/"]}]},{"@type":"BreadcrumbList","@id":"https:\/\/riresdenfants-rouen.fr\/RE\/2023\/12\/07\/illuminations\/#breadcrumb","itemListElement":[{"@type":"ListItem","position":1,"name":"Accueil","item":"https:\/\/riresdenfants-rouen.fr\/RE\/"},{"@type":"ListItem","position":2,"name":"Illuminations"}]},{"@type":"WebSite","@id":"https:\/\/riresdenfants-rouen.fr\/RE\/#website","url":"https:\/\/riresdenfants-rouen.fr\/RE\/","name":"Rires d&#039;enfants Rouen","description":"Rires d&#039;enfants intervient au CHU Rouen depuis plus de 40 ans pr\u00e8s des enfants malades avec 80 B\u00e9n\u00e9voles","publisher":{"@id":"https:\/\/riresdenfants-rouen.fr\/RE\/#organization"},"potentialAction":[{"@type":"SearchAction","target":{"@type":"EntryPoint","urlTemplate":"https:\/\/riresdenfants-rouen.fr\/RE\/?s={search_term_string}"},"query-input":"required name=search_term_string"}],"inLanguage":"fr-FR"},{"@type":"Organization","@id":"https:\/\/riresdenfants-rouen.fr\/RE\/#organization","name":"Rires d&#039;enfants Rouen","url":"https:\/\/riresdenfants-rouen.fr\/RE\/","logo":{"@type":"ImageObject","inLanguage":"fr-FR","@id":"https:\/\/riresdenfants-rouen.fr\/RE\/#\/schema\/logo\/image\/","url":"https:\/\/riresdenfants-rouen.fr\/RE\/wp-content\/uploads\/2020\/08\/cropped-cropped-rire_enfants_logo-e1504523736962-300x300-1-2.jpg","contentUrl":"https:\/\/riresdenfants-rouen.fr\/RE\/wp-content\/uploads\/2020\/08\/cropped-cropped-rire_enfants_logo-e1504523736962-300x300-1-2.jpg","width":248,"height":248,"caption":"Rires d&#039;enfants Rouen"},"image":{"@id":"https:\/\/riresdenfants-rouen.fr\/RE\/#\/schema\/logo\/image\/"},"sameAs":["https:\/\/www.facebook.com\/Association-Rires-dEnfants-Rouen-211721688936602\/?view_public_for=211721688936602"]},{"@type":"Person","@id":"https:\/\/riresdenfants-rouen.fr\/RE\/#\/schema\/person\/218dfa3f2d0e889b1283f846fb28804c","name":"Francoise","image":{"@type":"ImageObject","inLanguage":"fr-FR","@id":"https:\/\/riresdenfants-rouen.fr\/RE\/#\/schema\/person\/image\/","url":"https:\/\/secure.gravatar.com\/avatar\/ae30b793f3c3259367f955325487fd95?s=96&d=mm&r=g","contentUrl":"https:\/\/secure.gravatar.com\/avatar\/ae30b793f3c3259367f955325487fd95?s=96&d=mm&r=g","caption":"Francoise"},"url":"https:\/\/riresdenfants-rouen.fr\/RE\/author\/francoise\/"}]}},"_links":{"self":[{"href":"https:\/\/riresdenfants-rouen.fr\/RE\/wp-json\/wp\/v2\/posts\/855"}],"collection":[{"href":"https:\/\/riresdenfants-rouen.fr\/RE\/wp-json\/wp\/v2\/posts"}],"about":[{"href":"https:\/\/riresdenfants-rouen.fr\/RE\/wp-json\/wp\/v2\/types\/post"}],"author":[{"embeddable":true,"href":"https:\/\/riresdenfants-rouen.fr\/RE\/wp-json\/wp\/v2\/users\/1"}],"replies":[{"embeddable":true,"href":"https:\/\/riresdenfants-rouen.fr\/RE\/wp-json\/wp\/v2\/comments?post=855"}],"version-history":[{"count":4,"href":"https:\/\/riresdenfants-rouen.fr\/RE\/wp-json\/wp\/v2\/posts\/855\/revisions"}],"predecessor-version":[{"id":869,"href":"https:\/\/riresdenfants-rouen.fr\/RE\/wp-json\/wp\/v2\/posts\/855\/revisions\/869"}],"wp:featuredmedia":[{"embeddable":true,"href":"https:\/\/riresdenfants-rouen.fr\/RE\/wp-json\/wp\/v2\/media\/863"}],"wp:attachment":[{"href":"https:\/\/riresdenfants-rouen.fr\/RE\/wp-json\/wp\/v2\/media?parent=855"}],"wp:term":[{"taxonomy":"category","embeddable":true,"href":"https:\/\/riresdenfants-rouen.fr\/RE\/wp-json\/wp\/v2\/categories?post=855"},{"taxonomy":"post_tag","embeddable":true,"href":"https:\/\/riresdenfants-rouen.fr\/RE\/wp-json\/wp\/v2\/tags?post=855"}],"curies":[{"name":"wp","href":"https:\/\/api.w.org\/{rel}","templated":true}]}}