{"id":701,"date":"2023-06-24T15:57:01","date_gmt":"2023-06-24T13:57:01","guid":{"rendered":"https:\/\/riresdenfants-rouen.fr\/RE\/?p=701"},"modified":"2023-09-04T21:56:32","modified_gmt":"2023-09-04T19:56:32","slug":"des-eleves-se-mobilisent-pour-les-enfants-malades","status":"publish","type":"post","link":"https:\/\/riresdenfants-rouen.fr\/RE\/2023\/06\/24\/des-eleves-se-mobilisent-pour-les-enfants-malades\/","title":{"rendered":"Des \u00e9l\u00e8ves se mobilisent pour les enfants malades"},"content":{"rendered":"\n<h4 class=\"wp-block-heading\">Au Coll\u00e8ge Pablo Picasso de Saint \u00c9tienne du Rouvray<\/h4>\n\n\n\n<figure class=\"wp-block-image size-large\"><img loading=\"lazy\" decoding=\"async\" width=\"1024\" height=\"768\" src=\"https:\/\/riresdenfants-rouen.fr\/RE\/wp-content\/uploads\/2023\/06\/picasso-avant-1024x768.jpeg\" alt=\"\" class=\"wp-image-708\" srcset=\"https:\/\/riresdenfants-rouen.fr\/RE\/wp-content\/uploads\/2023\/06\/picasso-avant-1024x768.jpeg 1024w, https:\/\/riresdenfants-rouen.fr\/RE\/wp-content\/uploads\/2023\/06\/picasso-avant-300x225.jpeg 300w, https:\/\/riresdenfants-rouen.fr\/RE\/wp-content\/uploads\/2023\/06\/picasso-avant-768x576.jpeg 768w, https:\/\/riresdenfants-rouen.fr\/RE\/wp-content\/uploads\/2023\/06\/picasso-avant-1536x1152.jpeg 1536w, https:\/\/riresdenfants-rouen.fr\/RE\/wp-content\/uploads\/2023\/06\/picasso-avant-2048x1536.jpeg 2048w\" sizes=\"(max-width: 1024px) 100vw, 1024px\" \/><figcaption class=\"wp-element-caption\"><strong> <\/strong> Apr\u00e8s une semaine de sensibilisation des \u00e9l\u00e8ves au handicap, il est l&#8217;heure de s&#8217;\u00e9chauffer en musique avant la course solidaire.<\/figcaption><\/figure>\n\n\n\n<figure class=\"wp-block-image size-large\"><img loading=\"lazy\" decoding=\"async\" width=\"1024\" height=\"768\" src=\"https:\/\/riresdenfants-rouen.fr\/RE\/wp-content\/uploads\/2023\/06\/picasso-1024x768.jpeg\" alt=\"\" class=\"wp-image-707\" srcset=\"https:\/\/riresdenfants-rouen.fr\/RE\/wp-content\/uploads\/2023\/06\/picasso-1024x768.jpeg 1024w, https:\/\/riresdenfants-rouen.fr\/RE\/wp-content\/uploads\/2023\/06\/picasso-300x225.jpeg 300w, https:\/\/riresdenfants-rouen.fr\/RE\/wp-content\/uploads\/2023\/06\/picasso-768x576.jpeg 768w, https:\/\/riresdenfants-rouen.fr\/RE\/wp-content\/uploads\/2023\/06\/picasso-1536x1152.jpeg 1536w, https:\/\/riresdenfants-rouen.fr\/RE\/wp-content\/uploads\/2023\/06\/picasso-2048x1536.jpeg 2048w\" sizes=\"(max-width: 1024px) 100vw, 1024px\" \/><figcaption class=\"wp-element-caption\">Les \u00e9l\u00e8ves de 6i\u00e8me et  5i\u00e8me ont couru le maximum de tours pendant 20 minutes pour r\u00e9colter de l&#8217;argent aupr\u00e8s de leurs sponsors. <\/figcaption><\/figure>\n\n\n\n<h2 class=\"wp-block-heading\">Au lyc\u00e9e Delamare-Deboutteville  Forges Les Eaux<\/h2>\n\n\n\n<figure class=\"wp-block-image size-large\"><img loading=\"lazy\" decoding=\"async\" width=\"768\" height=\"1024\" src=\"https:\/\/riresdenfants-rouen.fr\/RE\/wp-content\/uploads\/2023\/06\/eco-deco-forges-expo-768x1024.jpeg\" alt=\"\" class=\"wp-image-711\" srcset=\"https:\/\/riresdenfants-rouen.fr\/RE\/wp-content\/uploads\/2023\/06\/eco-deco-forges-expo-768x1024.jpeg 768w, https:\/\/riresdenfants-rouen.fr\/RE\/wp-content\/uploads\/2023\/06\/eco-deco-forges-expo-225x300.jpeg 225w, https:\/\/riresdenfants-rouen.fr\/RE\/wp-content\/uploads\/2023\/06\/eco-deco-forges-expo-1152x1536.jpeg 1152w, https:\/\/riresdenfants-rouen.fr\/RE\/wp-content\/uploads\/2023\/06\/eco-deco-forges-expo-1536x2048.jpeg 1536w, https:\/\/riresdenfants-rouen.fr\/RE\/wp-content\/uploads\/2023\/06\/eco-deco-forges-expo-scaled.jpeg 1920w\" sizes=\"(max-width: 768px) 100vw, 768px\" \/><\/figure>\n\n\n\n<p>Les \u00e9l\u00e8ves ont fabriqu\u00e9 des lapins en bois au sein de leur  mini entreprise EcoD\u00e9co. Les visiteurs de la Foire Expo de Rouen arrivent sur le stand.  <\/p>\n\n\n\n<figure class=\"wp-block-image size-large\"><img loading=\"lazy\" decoding=\"async\" width=\"576\" height=\"1024\" src=\"https:\/\/riresdenfants-rouen.fr\/RE\/wp-content\/uploads\/2023\/06\/eco-deco-forges-576x1024.jpg\" alt=\"\" class=\"wp-image-710\" srcset=\"https:\/\/riresdenfants-rouen.fr\/RE\/wp-content\/uploads\/2023\/06\/eco-deco-forges-576x1024.jpg 576w, https:\/\/riresdenfants-rouen.fr\/RE\/wp-content\/uploads\/2023\/06\/eco-deco-forges-169x300.jpg 169w, https:\/\/riresdenfants-rouen.fr\/RE\/wp-content\/uploads\/2023\/06\/eco-deco-forges-768x1365.jpg 768w, https:\/\/riresdenfants-rouen.fr\/RE\/wp-content\/uploads\/2023\/06\/eco-deco-forges-864x1536.jpg 864w, https:\/\/riresdenfants-rouen.fr\/RE\/wp-content\/uploads\/2023\/06\/eco-deco-forges-1152x2048.jpg 1152w, https:\/\/riresdenfants-rouen.fr\/RE\/wp-content\/uploads\/2023\/06\/eco-deco-forges-scaled.jpg 1440w\" sizes=\"(max-width: 576px) 100vw, 576px\" \/><figcaption class=\"wp-element-caption\">De jolis lapins qui trouveront leur place dans les jardins. <\/figcaption><\/figure>\n\n\n\n<figure class=\"wp-block-image size-large\"><img loading=\"lazy\" decoding=\"async\" width=\"1024\" height=\"768\" src=\"https:\/\/riresdenfants-rouen.fr\/RE\/wp-content\/uploads\/2023\/06\/forges-1024x768.jpeg\" alt=\"\" class=\"wp-image-709\" srcset=\"https:\/\/riresdenfants-rouen.fr\/RE\/wp-content\/uploads\/2023\/06\/forges-1024x768.jpeg 1024w, https:\/\/riresdenfants-rouen.fr\/RE\/wp-content\/uploads\/2023\/06\/forges-300x225.jpeg 300w, https:\/\/riresdenfants-rouen.fr\/RE\/wp-content\/uploads\/2023\/06\/forges-768x576.jpeg 768w, https:\/\/riresdenfants-rouen.fr\/RE\/wp-content\/uploads\/2023\/06\/forges-1536x1152.jpeg 1536w, https:\/\/riresdenfants-rouen.fr\/RE\/wp-content\/uploads\/2023\/06\/forges-2048x1536.jpeg 2048w\" sizes=\"(max-width: 1024px) 100vw, 1024px\" \/><figcaption class=\"wp-element-caption\">Tous les lapins sont vendus, une partie des b\u00e9n\u00e9fices revient \u00e0 Rires d&#8217;Enfants qui offrira un abonnement  \u00e0 une plateforme musicale pour les enfants hospitalis\u00e9s. <\/figcaption><\/figure>\n\n\n\n<h2 class=\"wp-block-heading\">A Saint Aubin de Scellon (Eure)<\/h2>\n\n\n\n<figure class=\"wp-block-image size-full\"><img loading=\"lazy\" decoding=\"async\" width=\"227\" height=\"222\" src=\"https:\/\/riresdenfants-rouen.fr\/RE\/wp-content\/uploads\/2023\/06\/st-aubin-scellon.jpeg\" alt=\"\" class=\"wp-image-706\"\/><figcaption class=\"wp-element-caption\"><strong> L<\/strong>es trois classes de maternelles et primaires \u00e9taient r\u00e9unies le 13 juin pour nous pr\u00e9senter leur projet de course solidaire. <\/figcaption><\/figure>\n\n\n\n<figure class=\"wp-block-image size-large\"><img loading=\"lazy\" decoding=\"async\" width=\"724\" height=\"1024\" src=\"https:\/\/riresdenfants-rouen.fr\/RE\/wp-content\/uploads\/2023\/06\/course-solidaire-st-aubin-724x1024.png\" alt=\"\" class=\"wp-image-712\" srcset=\"https:\/\/riresdenfants-rouen.fr\/RE\/wp-content\/uploads\/2023\/06\/course-solidaire-st-aubin-724x1024.png 724w, https:\/\/riresdenfants-rouen.fr\/RE\/wp-content\/uploads\/2023\/06\/course-solidaire-st-aubin-212x300.png 212w, https:\/\/riresdenfants-rouen.fr\/RE\/wp-content\/uploads\/2023\/06\/course-solidaire-st-aubin-768x1086.png 768w, https:\/\/riresdenfants-rouen.fr\/RE\/wp-content\/uploads\/2023\/06\/course-solidaire-st-aubin-1086x1536.png 1086w, https:\/\/riresdenfants-rouen.fr\/RE\/wp-content\/uploads\/2023\/06\/course-solidaire-st-aubin.png 1414w\" sizes=\"(max-width: 724px) 100vw, 724px\" \/><\/figure>\n\n\n\n<p>Tous les enfants valides et en bonne sant\u00e9 pr\u00eateront leurs jambes, le temps d&#8217;une course pour r\u00e9colter des fonds.<\/p>\n\n\n\n<h2 class=\"wp-block-heading\">Au Coll\u00e8ge Saint Fran\u00e7ois d&#8217;Assise de Rouen<\/h2>\n\n\n\n<figure class=\"wp-block-image size-large\"><img loading=\"lazy\" decoding=\"async\" width=\"768\" height=\"1024\" src=\"https:\/\/riresdenfants-rouen.fr\/RE\/wp-content\/uploads\/2023\/06\/st-francois-at-768x1024.jpeg\" alt=\"\" class=\"wp-image-713\" srcset=\"https:\/\/riresdenfants-rouen.fr\/RE\/wp-content\/uploads\/2023\/06\/st-francois-at-768x1024.jpeg 768w, https:\/\/riresdenfants-rouen.fr\/RE\/wp-content\/uploads\/2023\/06\/st-francois-at-225x300.jpeg 225w, https:\/\/riresdenfants-rouen.fr\/RE\/wp-content\/uploads\/2023\/06\/st-francois-at-1152x1536.jpeg 1152w, https:\/\/riresdenfants-rouen.fr\/RE\/wp-content\/uploads\/2023\/06\/st-francois-at-1536x2048.jpeg 1536w, https:\/\/riresdenfants-rouen.fr\/RE\/wp-content\/uploads\/2023\/06\/st-francois-at-scaled.jpeg 1920w\" sizes=\"(max-width: 768px) 100vw, 768px\" \/><figcaption class=\"wp-element-caption\"> On n&#8217;a pas h\u00e9sit\u00e9 \u00e0 se confronter aux machines \u00e0 bois pour fabriquer  des petits voiliers. <\/figcaption><\/figure>\n\n\n\n<figure class=\"wp-block-image size-large\"><img loading=\"lazy\" decoding=\"async\" width=\"768\" height=\"1024\" src=\"https:\/\/riresdenfants-rouen.fr\/RE\/wp-content\/uploads\/2023\/06\/st-francois-chu-768x1024.jpeg\" alt=\"\" class=\"wp-image-705\" srcset=\"https:\/\/riresdenfants-rouen.fr\/RE\/wp-content\/uploads\/2023\/06\/st-francois-chu-768x1024.jpeg 768w, https:\/\/riresdenfants-rouen.fr\/RE\/wp-content\/uploads\/2023\/06\/st-francois-chu-225x300.jpeg 225w, https:\/\/riresdenfants-rouen.fr\/RE\/wp-content\/uploads\/2023\/06\/st-francois-chu-1152x1536.jpeg 1152w, https:\/\/riresdenfants-rouen.fr\/RE\/wp-content\/uploads\/2023\/06\/st-francois-chu-1536x2048.jpeg 1536w, https:\/\/riresdenfants-rouen.fr\/RE\/wp-content\/uploads\/2023\/06\/st-francois-chu-scaled.jpeg 1920w\" sizes=\"(max-width: 768px) 100vw, 768px\" \/><figcaption class=\"wp-element-caption\">Les voiliers sont arriv\u00e9s \u00e0 la maison des Enfants au CHU et seront distribu\u00e9s \u00e0 l&#8217;occasion de l&#8217;Armada.<\/figcaption><\/figure>\n\n\n\n<p class=\"has-text-align-center\"><strong>Un grand merci \u00e0 tous ces \u00e9l\u00e8ves et leurs enseignants<\/strong><\/p>\n","protected":false},"excerpt":{"rendered":"<p>Au Coll\u00e8ge Pablo Picasso de Saint \u00c9tienne du Rouvray Au lyc\u00e9e Delamare-Deboutteville Forges Les Eaux Les \u00e9l\u00e8ves ont fabriqu\u00e9 des lapins en bois au sein de leur mini entreprise EcoD\u00e9co. Les visiteurs de la Foire Expo de Rouen arrivent sur le stand. A Saint Aubin de Scellon (Eure) Tous les enfants valides et en bonne [&hellip;]<\/p>\n","protected":false},"author":1,"featured_media":708,"comment_status":"open","ping_status":"open","sticky":false,"template":"","format":"image","meta":{"footnotes":""},"categories":[3,5],"tags":[],"yoast_head":"<!-- This site is optimized with the Yoast SEO plugin v21.1 - https:\/\/yoast.com\/wordpress\/plugins\/seo\/ -->\n<title>Des \u00e9l\u00e8ves se mobilisent pour les enfants malades - Rires d&#039;enfants Rouen<\/title>\n<meta name=\"description\" content=\"Des \u00e9l\u00e8ves se sont mobilis\u00e9s pour Rires d&#039;Enfants\" \/>\n<meta name=\"robots\" content=\"index, follow, max-snippet:-1, max-image-preview:large, max-video-preview:-1\" \/>\n<link rel=\"canonical\" href=\"https:\/\/riresdenfants-rouen.fr\/RE\/2023\/06\/24\/des-eleves-se-mobilisent-pour-les-enfants-malades\/\" \/>\n<meta property=\"og:locale\" content=\"fr_FR\" \/>\n<meta property=\"og:type\" content=\"article\" \/>\n<meta property=\"og:title\" content=\"Des \u00e9l\u00e8ves se mobilisent pour les enfants malades - Rires d&#039;enfants Rouen\" \/>\n<meta property=\"og:description\" content=\"Des \u00e9l\u00e8ves se sont mobilis\u00e9s pour Rires d&#039;Enfants\" \/>\n<meta property=\"og:url\" content=\"https:\/\/riresdenfants-rouen.fr\/RE\/2023\/06\/24\/des-eleves-se-mobilisent-pour-les-enfants-malades\/\" \/>\n<meta property=\"og:site_name\" content=\"Rires d&#039;enfants Rouen\" \/>\n<meta property=\"article:publisher\" content=\"https:\/\/www.facebook.com\/Association-Rires-dEnfants-Rouen-211721688936602\/?view_public_for=211721688936602\" \/>\n<meta property=\"article:published_time\" content=\"2023-06-24T13:57:01+00:00\" \/>\n<meta property=\"article:modified_time\" content=\"2023-09-04T19:56:32+00:00\" \/>\n<meta property=\"og:image\" content=\"https:\/\/riresdenfants-rouen.fr\/RE\/wp-content\/uploads\/2023\/06\/picasso-avant-scaled.jpeg\" \/>\n\t<meta property=\"og:image:width\" content=\"2560\" \/>\n\t<meta property=\"og:image:height\" content=\"1920\" \/>\n\t<meta property=\"og:image:type\" content=\"image\/jpeg\" \/>\n<meta name=\"author\" content=\"Francoise\" \/>\n<meta name=\"twitter:card\" content=\"summary_large_image\" \/>\n<meta name=\"twitter:label1\" content=\"\u00c9crit par\" \/>\n\t<meta name=\"twitter:data1\" content=\"Francoise\" \/>\n\t<meta name=\"twitter:label2\" content=\"Dur\u00e9e de lecture estim\u00e9e\" \/>\n\t<meta name=\"twitter:data2\" content=\"3 minutes\" \/>\n<script type=\"application\/ld+json\" class=\"yoast-schema-graph\">{\"@context\":\"https:\/\/schema.org\",\"@graph\":[{\"@type\":\"Article\",\"@id\":\"https:\/\/riresdenfants-rouen.fr\/RE\/2023\/06\/24\/des-eleves-se-mobilisent-pour-les-enfants-malades\/#article\",\"isPartOf\":{\"@id\":\"https:\/\/riresdenfants-rouen.fr\/RE\/2023\/06\/24\/des-eleves-se-mobilisent-pour-les-enfants-malades\/\"},\"author\":{\"name\":\"Francoise\",\"@id\":\"https:\/\/riresdenfants-rouen.fr\/RE\/#\/schema\/person\/218dfa3f2d0e889b1283f846fb28804c\"},\"headline\":\"Des \u00e9l\u00e8ves se mobilisent pour les enfants malades\",\"datePublished\":\"2023-06-24T13:57:01+00:00\",\"dateModified\":\"2023-09-04T19:56:32+00:00\",\"mainEntityOfPage\":{\"@id\":\"https:\/\/riresdenfants-rouen.fr\/RE\/2023\/06\/24\/des-eleves-se-mobilisent-pour-les-enfants-malades\/\"},\"wordCount\":241,\"commentCount\":0,\"publisher\":{\"@id\":\"https:\/\/riresdenfants-rouen.fr\/RE\/#organization\"},\"articleSection\":[\"Actualit\u00e9\",\"bandeau\"],\"inLanguage\":\"fr-FR\",\"potentialAction\":[{\"@type\":\"CommentAction\",\"name\":\"Comment\",\"target\":[\"https:\/\/riresdenfants-rouen.fr\/RE\/2023\/06\/24\/des-eleves-se-mobilisent-pour-les-enfants-malades\/#respond\"]}]},{\"@type\":\"WebPage\",\"@id\":\"https:\/\/riresdenfants-rouen.fr\/RE\/2023\/06\/24\/des-eleves-se-mobilisent-pour-les-enfants-malades\/\",\"url\":\"https:\/\/riresdenfants-rouen.fr\/RE\/2023\/06\/24\/des-eleves-se-mobilisent-pour-les-enfants-malades\/\",\"name\":\"Des \u00e9l\u00e8ves se mobilisent pour les enfants malades - Rires d&#039;enfants Rouen\",\"isPartOf\":{\"@id\":\"https:\/\/riresdenfants-rouen.fr\/RE\/#website\"},\"datePublished\":\"2023-06-24T13:57:01+00:00\",\"dateModified\":\"2023-09-04T19:56:32+00:00\",\"description\":\"Des \u00e9l\u00e8ves se sont mobilis\u00e9s pour Rires d'Enfants\",\"breadcrumb\":{\"@id\":\"https:\/\/riresdenfants-rouen.fr\/RE\/2023\/06\/24\/des-eleves-se-mobilisent-pour-les-enfants-malades\/#breadcrumb\"},\"inLanguage\":\"fr-FR\",\"potentialAction\":[{\"@type\":\"ReadAction\",\"target\":[\"https:\/\/riresdenfants-rouen.fr\/RE\/2023\/06\/24\/des-eleves-se-mobilisent-pour-les-enfants-malades\/\"]}]},{\"@type\":\"BreadcrumbList\",\"@id\":\"https:\/\/riresdenfants-rouen.fr\/RE\/2023\/06\/24\/des-eleves-se-mobilisent-pour-les-enfants-malades\/#breadcrumb\",\"itemListElement\":[{\"@type\":\"ListItem\",\"position\":1,\"name\":\"Accueil\",\"item\":\"https:\/\/riresdenfants-rouen.fr\/RE\/\"},{\"@type\":\"ListItem\",\"position\":2,\"name\":\"Des \u00e9l\u00e8ves se mobilisent pour les enfants malades\"}]},{\"@type\":\"WebSite\",\"@id\":\"https:\/\/riresdenfants-rouen.fr\/RE\/#website\",\"url\":\"https:\/\/riresdenfants-rouen.fr\/RE\/\",\"name\":\"Rires d&#039;enfants Rouen\",\"description\":\"Rires d&#039;enfants intervient au CHU Rouen depuis plus de 40 ans pr\u00e8s des enfants malades avec 80 B\u00e9n\u00e9voles\",\"publisher\":{\"@id\":\"https:\/\/riresdenfants-rouen.fr\/RE\/#organization\"},\"potentialAction\":[{\"@type\":\"SearchAction\",\"target\":{\"@type\":\"EntryPoint\",\"urlTemplate\":\"https:\/\/riresdenfants-rouen.fr\/RE\/?s={search_term_string}\"},\"query-input\":\"required name=search_term_string\"}],\"inLanguage\":\"fr-FR\"},{\"@type\":\"Organization\",\"@id\":\"https:\/\/riresdenfants-rouen.fr\/RE\/#organization\",\"name\":\"Rires d&#039;enfants Rouen\",\"url\":\"https:\/\/riresdenfants-rouen.fr\/RE\/\",\"logo\":{\"@type\":\"ImageObject\",\"inLanguage\":\"fr-FR\",\"@id\":\"https:\/\/riresdenfants-rouen.fr\/RE\/#\/schema\/logo\/image\/\",\"url\":\"https:\/\/riresdenfants-rouen.fr\/RE\/wp-content\/uploads\/2020\/08\/cropped-cropped-rire_enfants_logo-e1504523736962-300x300-1-2.jpg\",\"contentUrl\":\"https:\/\/riresdenfants-rouen.fr\/RE\/wp-content\/uploads\/2020\/08\/cropped-cropped-rire_enfants_logo-e1504523736962-300x300-1-2.jpg\",\"width\":248,\"height\":248,\"caption\":\"Rires d&#039;enfants Rouen\"},\"image\":{\"@id\":\"https:\/\/riresdenfants-rouen.fr\/RE\/#\/schema\/logo\/image\/\"},\"sameAs\":[\"https:\/\/www.facebook.com\/Association-Rires-dEnfants-Rouen-211721688936602\/?view_public_for=211721688936602\"]},{\"@type\":\"Person\",\"@id\":\"https:\/\/riresdenfants-rouen.fr\/RE\/#\/schema\/person\/218dfa3f2d0e889b1283f846fb28804c\",\"name\":\"Francoise\",\"image\":{\"@type\":\"ImageObject\",\"inLanguage\":\"fr-FR\",\"@id\":\"https:\/\/riresdenfants-rouen.fr\/RE\/#\/schema\/person\/image\/\",\"url\":\"https:\/\/secure.gravatar.com\/avatar\/ae30b793f3c3259367f955325487fd95?s=96&d=mm&r=g\",\"contentUrl\":\"https:\/\/secure.gravatar.com\/avatar\/ae30b793f3c3259367f955325487fd95?s=96&d=mm&r=g\",\"caption\":\"Francoise\"},\"url\":\"https:\/\/riresdenfants-rouen.fr\/RE\/author\/francoise\/\"}]}<\/script>\n<!-- \/ Yoast SEO plugin. -->","yoast_head_json":{"title":"Des \u00e9l\u00e8ves se mobilisent pour les enfants malades - Rires d&#039;enfants Rouen","description":"Des \u00e9l\u00e8ves se sont mobilis\u00e9s pour Rires d'Enfants","robots":{"index":"index","follow":"follow","max-snippet":"max-snippet:-1","max-image-preview":"max-image-preview:large","max-video-preview":"max-video-preview:-1"},"canonical":"https:\/\/riresdenfants-rouen.fr\/RE\/2023\/06\/24\/des-eleves-se-mobilisent-pour-les-enfants-malades\/","og_locale":"fr_FR","og_type":"article","og_title":"Des \u00e9l\u00e8ves se mobilisent pour les enfants malades - Rires d&#039;enfants Rouen","og_description":"Des \u00e9l\u00e8ves se sont mobilis\u00e9s pour Rires d'Enfants","og_url":"https:\/\/riresdenfants-rouen.fr\/RE\/2023\/06\/24\/des-eleves-se-mobilisent-pour-les-enfants-malades\/","og_site_name":"Rires d&#039;enfants Rouen","article_publisher":"https:\/\/www.facebook.com\/Association-Rires-dEnfants-Rouen-211721688936602\/?view_public_for=211721688936602","article_published_time":"2023-06-24T13:57:01+00:00","article_modified_time":"2023-09-04T19:56:32+00:00","og_image":[{"width":2560,"height":1920,"url":"https:\/\/riresdenfants-rouen.fr\/RE\/wp-content\/uploads\/2023\/06\/picasso-avant-scaled.jpeg","type":"image\/jpeg"}],"author":"Francoise","twitter_card":"summary_large_image","twitter_misc":{"\u00c9crit par":"Francoise","Dur\u00e9e de lecture estim\u00e9e":"3 minutes"},"schema":{"@context":"https:\/\/schema.org","@graph":[{"@type":"Article","@id":"https:\/\/riresdenfants-rouen.fr\/RE\/2023\/06\/24\/des-eleves-se-mobilisent-pour-les-enfants-malades\/#article","isPartOf":{"@id":"https:\/\/riresdenfants-rouen.fr\/RE\/2023\/06\/24\/des-eleves-se-mobilisent-pour-les-enfants-malades\/"},"author":{"name":"Francoise","@id":"https:\/\/riresdenfants-rouen.fr\/RE\/#\/schema\/person\/218dfa3f2d0e889b1283f846fb28804c"},"headline":"Des \u00e9l\u00e8ves se mobilisent pour les enfants malades","datePublished":"2023-06-24T13:57:01+00:00","dateModified":"2023-09-04T19:56:32+00:00","mainEntityOfPage":{"@id":"https:\/\/riresdenfants-rouen.fr\/RE\/2023\/06\/24\/des-eleves-se-mobilisent-pour-les-enfants-malades\/"},"wordCount":241,"commentCount":0,"publisher":{"@id":"https:\/\/riresdenfants-rouen.fr\/RE\/#organization"},"articleSection":["Actualit\u00e9","bandeau"],"inLanguage":"fr-FR","potentialAction":[{"@type":"CommentAction","name":"Comment","target":["https:\/\/riresdenfants-rouen.fr\/RE\/2023\/06\/24\/des-eleves-se-mobilisent-pour-les-enfants-malades\/#respond"]}]},{"@type":"WebPage","@id":"https:\/\/riresdenfants-rouen.fr\/RE\/2023\/06\/24\/des-eleves-se-mobilisent-pour-les-enfants-malades\/","url":"https:\/\/riresdenfants-rouen.fr\/RE\/2023\/06\/24\/des-eleves-se-mobilisent-pour-les-enfants-malades\/","name":"Des \u00e9l\u00e8ves se mobilisent pour les enfants malades - Rires d&#039;enfants Rouen","isPartOf":{"@id":"https:\/\/riresdenfants-rouen.fr\/RE\/#website"},"datePublished":"2023-06-24T13:57:01+00:00","dateModified":"2023-09-04T19:56:32+00:00","description":"Des \u00e9l\u00e8ves se sont mobilis\u00e9s pour Rires d'Enfants","breadcrumb":{"@id":"https:\/\/riresdenfants-rouen.fr\/RE\/2023\/06\/24\/des-eleves-se-mobilisent-pour-les-enfants-malades\/#breadcrumb"},"inLanguage":"fr-FR","potentialAction":[{"@type":"ReadAction","target":["https:\/\/riresdenfants-rouen.fr\/RE\/2023\/06\/24\/des-eleves-se-mobilisent-pour-les-enfants-malades\/"]}]},{"@type":"BreadcrumbList","@id":"https:\/\/riresdenfants-rouen.fr\/RE\/2023\/06\/24\/des-eleves-se-mobilisent-pour-les-enfants-malades\/#breadcrumb","itemListElement":[{"@type":"ListItem","position":1,"name":"Accueil","item":"https:\/\/riresdenfants-rouen.fr\/RE\/"},{"@type":"ListItem","position":2,"name":"Des \u00e9l\u00e8ves se mobilisent pour les enfants malades"}]},{"@type":"WebSite","@id":"https:\/\/riresdenfants-rouen.fr\/RE\/#website","url":"https:\/\/riresdenfants-rouen.fr\/RE\/","name":"Rires d&#039;enfants Rouen","description":"Rires d&#039;enfants intervient au CHU Rouen depuis plus de 40 ans pr\u00e8s des enfants malades avec 80 B\u00e9n\u00e9voles","publisher":{"@id":"https:\/\/riresdenfants-rouen.fr\/RE\/#organization"},"potentialAction":[{"@type":"SearchAction","target":{"@type":"EntryPoint","urlTemplate":"https:\/\/riresdenfants-rouen.fr\/RE\/?s={search_term_string}"},"query-input":"required name=search_term_string"}],"inLanguage":"fr-FR"},{"@type":"Organization","@id":"https:\/\/riresdenfants-rouen.fr\/RE\/#organization","name":"Rires d&#039;enfants Rouen","url":"https:\/\/riresdenfants-rouen.fr\/RE\/","logo":{"@type":"ImageObject","inLanguage":"fr-FR","@id":"https:\/\/riresdenfants-rouen.fr\/RE\/#\/schema\/logo\/image\/","url":"https:\/\/riresdenfants-rouen.fr\/RE\/wp-content\/uploads\/2020\/08\/cropped-cropped-rire_enfants_logo-e1504523736962-300x300-1-2.jpg","contentUrl":"https:\/\/riresdenfants-rouen.fr\/RE\/wp-content\/uploads\/2020\/08\/cropped-cropped-rire_enfants_logo-e1504523736962-300x300-1-2.jpg","width":248,"height":248,"caption":"Rires d&#039;enfants Rouen"},"image":{"@id":"https:\/\/riresdenfants-rouen.fr\/RE\/#\/schema\/logo\/image\/"},"sameAs":["https:\/\/www.facebook.com\/Association-Rires-dEnfants-Rouen-211721688936602\/?view_public_for=211721688936602"]},{"@type":"Person","@id":"https:\/\/riresdenfants-rouen.fr\/RE\/#\/schema\/person\/218dfa3f2d0e889b1283f846fb28804c","name":"Francoise","image":{"@type":"ImageObject","inLanguage":"fr-FR","@id":"https:\/\/riresdenfants-rouen.fr\/RE\/#\/schema\/person\/image\/","url":"https:\/\/secure.gravatar.com\/avatar\/ae30b793f3c3259367f955325487fd95?s=96&d=mm&r=g","contentUrl":"https:\/\/secure.gravatar.com\/avatar\/ae30b793f3c3259367f955325487fd95?s=96&d=mm&r=g","caption":"Francoise"},"url":"https:\/\/riresdenfants-rouen.fr\/RE\/author\/francoise\/"}]}},"_links":{"self":[{"href":"https:\/\/riresdenfants-rouen.fr\/RE\/wp-json\/wp\/v2\/posts\/701"}],"collection":[{"href":"https:\/\/riresdenfants-rouen.fr\/RE\/wp-json\/wp\/v2\/posts"}],"about":[{"href":"https:\/\/riresdenfants-rouen.fr\/RE\/wp-json\/wp\/v2\/types\/post"}],"author":[{"embeddable":true,"href":"https:\/\/riresdenfants-rouen.fr\/RE\/wp-json\/wp\/v2\/users\/1"}],"replies":[{"embeddable":true,"href":"https:\/\/riresdenfants-rouen.fr\/RE\/wp-json\/wp\/v2\/comments?post=701"}],"version-history":[{"count":4,"href":"https:\/\/riresdenfants-rouen.fr\/RE\/wp-json\/wp\/v2\/posts\/701\/revisions"}],"predecessor-version":[{"id":767,"href":"https:\/\/riresdenfants-rouen.fr\/RE\/wp-json\/wp\/v2\/posts\/701\/revisions\/767"}],"wp:featuredmedia":[{"embeddable":true,"href":"https:\/\/riresdenfants-rouen.fr\/RE\/wp-json\/wp\/v2\/media\/708"}],"wp:attachment":[{"href":"https:\/\/riresdenfants-rouen.fr\/RE\/wp-json\/wp\/v2\/media?parent=701"}],"wp:term":[{"taxonomy":"category","embeddable":true,"href":"https:\/\/riresdenfants-rouen.fr\/RE\/wp-json\/wp\/v2\/categories?post=701"},{"taxonomy":"post_tag","embeddable":true,"href":"https:\/\/riresdenfants-rouen.fr\/RE\/wp-json\/wp\/v2\/tags?post=701"}],"curies":[{"name":"wp","href":"https:\/\/api.w.org\/{rel}","templated":true}]}}