{"id":676,"date":"2023-01-17T12:10:57","date_gmt":"2023-01-17T11:10:57","guid":{"rendered":"https:\/\/riresdenfants-rouen.fr\/RE\/?p=676"},"modified":"2023-09-04T21:28:03","modified_gmt":"2023-09-04T19:28:03","slug":"solidarite-et-generosite","status":"publish","type":"post","link":"https:\/\/riresdenfants-rouen.fr\/RE\/2023\/01\/17\/solidarite-et-generosite\/","title":{"rendered":"Solidarit\u00e9 et g\u00e9n\u00e9rosit\u00e9"},"content":{"rendered":"\n<p>Centre Malraux Rouen <br>Une belle \u00e9quipe regroup\u00e9e autour du projet #UniSontNous du dispositif #Avenir. Ce projet a fait \u00e9clore les talents et les qualit\u00e9s de ces participants qui avaient  pu douter d&#8217;eux-m\u00eame.  La confection de tr\u00e8s jolis sacs est le point d&#8217;orgue de leur projet. <br>  Les sacs se sont vendus comme des petits pains en un temps record, de quoi redonner confiance \u00e0 toute cette \u00e9quipe regroup\u00e9e autour de Hannan, leur formatrice. La recette est int\u00e9gralement revers\u00e9e pour les enfants hospitalis\u00e9s.  Solidarit\u00e9 g\u00e9n\u00e9rosit\u00e9!<\/p>\n\n\n\n<p><\/p>\n\n\n\n<figure class=\"wp-block-image size-large\"><img loading=\"lazy\" decoding=\"async\" width=\"1024\" height=\"876\" src=\"https:\/\/riresdenfants-rouen.fr\/RE\/wp-content\/uploads\/2023\/01\/Unissontnous-1024x876.jpeg\" alt=\"\" class=\"wp-image-677\" style=\"aspect-ratio:16\/9;object-fit:cover\" srcset=\"https:\/\/riresdenfants-rouen.fr\/RE\/wp-content\/uploads\/2023\/01\/Unissontnous-1024x876.jpeg 1024w, https:\/\/riresdenfants-rouen.fr\/RE\/wp-content\/uploads\/2023\/01\/Unissontnous-300x257.jpeg 300w, https:\/\/riresdenfants-rouen.fr\/RE\/wp-content\/uploads\/2023\/01\/Unissontnous-768x657.jpeg 768w, https:\/\/riresdenfants-rouen.fr\/RE\/wp-content\/uploads\/2023\/01\/Unissontnous-1536x1314.jpeg 1536w, https:\/\/riresdenfants-rouen.fr\/RE\/wp-content\/uploads\/2023\/01\/Unissontnous-2048x1752.jpeg 2048w\" sizes=\"(max-width: 1024px) 100vw, 1024px\" \/><figcaption class=\"wp-element-caption\">Centre Malraux Rouen <br>Une belle \u00e9quipe regroup\u00e9e autour du projet #UniSontNous du dispositif #Avenir. Ce projet a fait \u00e9clore les talents et les qualit\u00e9s de ces participants qui avaient  pu douter d&#8217;eux-m\u00eame.  La confection de tr\u00e8s jolis sacs est le point d&#8217;orgue de leur projet. <br>  Les sacs se sont vendus comme des petits pains en un temps record, de quoi redonner confiance \u00e0 toute cette \u00e9quipe regroup\u00e9e autour de Hannan, leur formatrice. La recette est int\u00e9gralement revers\u00e9e pour les enfants hospitalis\u00e9s.  Solidarit\u00e9 g\u00e9n\u00e9rosit\u00e9!<\/figcaption><\/figure>\n\n\n\n<figure class=\"wp-block-image size-large\"><img loading=\"lazy\" decoding=\"async\" width=\"1024\" height=\"768\" src=\"https:\/\/riresdenfants-rouen.fr\/RE\/wp-content\/uploads\/2023\/01\/Footing-isneauville-1024x768.jpeg\" alt=\"\" class=\"wp-image-679\" srcset=\"https:\/\/riresdenfants-rouen.fr\/RE\/wp-content\/uploads\/2023\/01\/Footing-isneauville-1024x768.jpeg 1024w, https:\/\/riresdenfants-rouen.fr\/RE\/wp-content\/uploads\/2023\/01\/Footing-isneauville-300x225.jpeg 300w, https:\/\/riresdenfants-rouen.fr\/RE\/wp-content\/uploads\/2023\/01\/Footing-isneauville-768x576.jpeg 768w, https:\/\/riresdenfants-rouen.fr\/RE\/wp-content\/uploads\/2023\/01\/Footing-isneauville-1536x1152.jpeg 1536w, https:\/\/riresdenfants-rouen.fr\/RE\/wp-content\/uploads\/2023\/01\/Footing-isneauville-2048x1536.jpeg 2048w\" sizes=\"(max-width: 1024px) 100vw, 1024px\" \/><figcaption class=\"wp-element-caption\">Isneauville<br>Il fait tr\u00e8s froid en ce samedi matin de d\u00e9cembre, l&#8217;\u00e9chauffement est de rigueur avant de partir pour un footing dans la campagne normande \u00e0 Isneauville. Tous ont eu \u00e0 coeur de boucler le tour en soutien aux enfants hospitalis\u00e9s. Solidarit\u00e9 et g\u00e9n\u00e9rosit\u00e9! <\/figcaption><\/figure>\n\n\n\n<figure class=\"wp-block-image size-large\"><img loading=\"lazy\" decoding=\"async\" width=\"1024\" height=\"768\" src=\"https:\/\/riresdenfants-rouen.fr\/RE\/wp-content\/uploads\/2023\/01\/cadeaux-Sotteville-dec2022-1024x768.jpeg\" alt=\"\" class=\"wp-image-680\" srcset=\"https:\/\/riresdenfants-rouen.fr\/RE\/wp-content\/uploads\/2023\/01\/cadeaux-Sotteville-dec2022-1024x768.jpeg 1024w, https:\/\/riresdenfants-rouen.fr\/RE\/wp-content\/uploads\/2023\/01\/cadeaux-Sotteville-dec2022-300x225.jpeg 300w, https:\/\/riresdenfants-rouen.fr\/RE\/wp-content\/uploads\/2023\/01\/cadeaux-Sotteville-dec2022-768x576.jpeg 768w, https:\/\/riresdenfants-rouen.fr\/RE\/wp-content\/uploads\/2023\/01\/cadeaux-Sotteville-dec2022-1536x1152.jpeg 1536w, https:\/\/riresdenfants-rouen.fr\/RE\/wp-content\/uploads\/2023\/01\/cadeaux-Sotteville-dec2022-2048x1536.jpeg 2048w\" sizes=\"(max-width: 1024px) 100vw, 1024px\" \/><figcaption class=\"wp-element-caption\">Sotteville Les Rouen <br>C&#8217;est avec une grande fiert\u00e9 que les adolescents du centre a\u00e9r\u00e9 de Sotteville nous ont offert  cette hotte de cadeaux qu&#8217;ils ont r\u00e9alis\u00e9s pour les enfants malades.<br> Arbres \u00e0 bijoux, yoyos, sacs, mugs qu&#8217;ils ont pyrograv\u00e9s, coll\u00e9s, d\u00e9cor\u00e9s\u2026. Solidarit\u00e9 g\u00e9n\u00e9rosit\u00e9!<\/figcaption><\/figure>\n\n\n\n<p><\/p>\n","protected":false},"excerpt":{"rendered":"<p>Centre Malraux Rouen Une belle \u00e9quipe regroup\u00e9e autour du projet #UniSontNous du dispositif #Avenir. Ce projet a fait \u00e9clore les talents et les qualit\u00e9s de ces participants qui avaient pu douter d&#8217;eux-m\u00eame. La confection de tr\u00e8s jolis sacs est le point d&#8217;orgue de leur projet. Les sacs se sont vendus comme des petits pains en [&hellip;]<\/p>\n","protected":false},"author":1,"featured_media":677,"comment_status":"open","ping_status":"open","sticky":false,"template":"","format":"image","meta":{"footnotes":""},"categories":[3,5],"tags":[],"yoast_head":"<!-- This site is optimized with the Yoast SEO plugin v21.1 - https:\/\/yoast.com\/wordpress\/plugins\/seo\/ -->\n<title>Solidarit\u00e9 et g\u00e9n\u00e9rosit\u00e9 - Rires d&#039;enfants Rouen<\/title>\n<meta name=\"robots\" content=\"index, follow, max-snippet:-1, max-image-preview:large, max-video-preview:-1\" \/>\n<link rel=\"canonical\" href=\"https:\/\/riresdenfants-rouen.fr\/RE\/2023\/01\/17\/solidarite-et-generosite\/\" \/>\n<meta property=\"og:locale\" content=\"fr_FR\" \/>\n<meta property=\"og:type\" content=\"article\" \/>\n<meta property=\"og:title\" content=\"Solidarit\u00e9 et g\u00e9n\u00e9rosit\u00e9 - Rires d&#039;enfants Rouen\" \/>\n<meta property=\"og:description\" content=\"Centre Malraux Rouen Une belle \u00e9quipe regroup\u00e9e autour du projet #UniSontNous du dispositif #Avenir. Ce projet a fait \u00e9clore les talents et les qualit\u00e9s de ces participants qui avaient pu douter d&#8217;eux-m\u00eame. La confection de tr\u00e8s jolis sacs est le point d&#8217;orgue de leur projet. Les sacs se sont vendus comme des petits pains en [&hellip;]\" \/>\n<meta property=\"og:url\" content=\"https:\/\/riresdenfants-rouen.fr\/RE\/2023\/01\/17\/solidarite-et-generosite\/\" \/>\n<meta property=\"og:site_name\" content=\"Rires d&#039;enfants Rouen\" \/>\n<meta property=\"article:publisher\" content=\"https:\/\/www.facebook.com\/Association-Rires-dEnfants-Rouen-211721688936602\/?view_public_for=211721688936602\" \/>\n<meta property=\"article:published_time\" content=\"2023-01-17T11:10:57+00:00\" \/>\n<meta property=\"article:modified_time\" content=\"2023-09-04T19:28:03+00:00\" \/>\n<meta property=\"og:image\" content=\"https:\/\/riresdenfants-rouen.fr\/RE\/wp-content\/uploads\/2023\/01\/Unissontnous-scaled.jpeg\" \/>\n\t<meta property=\"og:image:width\" content=\"2560\" \/>\n\t<meta property=\"og:image:height\" content=\"2190\" \/>\n\t<meta property=\"og:image:type\" content=\"image\/jpeg\" \/>\n<meta name=\"author\" content=\"Francoise\" \/>\n<meta name=\"twitter:card\" content=\"summary_large_image\" \/>\n<meta name=\"twitter:label1\" content=\"\u00c9crit par\" \/>\n\t<meta name=\"twitter:data1\" content=\"Francoise\" \/>\n\t<meta name=\"twitter:label2\" content=\"Dur\u00e9e de lecture estim\u00e9e\" \/>\n\t<meta name=\"twitter:data2\" content=\"2 minutes\" \/>\n<script type=\"application\/ld+json\" class=\"yoast-schema-graph\">{\"@context\":\"https:\/\/schema.org\",\"@graph\":[{\"@type\":\"Article\",\"@id\":\"https:\/\/riresdenfants-rouen.fr\/RE\/2023\/01\/17\/solidarite-et-generosite\/#article\",\"isPartOf\":{\"@id\":\"https:\/\/riresdenfants-rouen.fr\/RE\/2023\/01\/17\/solidarite-et-generosite\/\"},\"author\":{\"name\":\"Francoise\",\"@id\":\"https:\/\/riresdenfants-rouen.fr\/RE\/#\/schema\/person\/218dfa3f2d0e889b1283f846fb28804c\"},\"headline\":\"Solidarit\u00e9 et g\u00e9n\u00e9rosit\u00e9\",\"datePublished\":\"2023-01-17T11:10:57+00:00\",\"dateModified\":\"2023-09-04T19:28:03+00:00\",\"mainEntityOfPage\":{\"@id\":\"https:\/\/riresdenfants-rouen.fr\/RE\/2023\/01\/17\/solidarite-et-generosite\/\"},\"wordCount\":287,\"commentCount\":0,\"publisher\":{\"@id\":\"https:\/\/riresdenfants-rouen.fr\/RE\/#organization\"},\"articleSection\":[\"Actualit\u00e9\",\"bandeau\"],\"inLanguage\":\"fr-FR\",\"potentialAction\":[{\"@type\":\"CommentAction\",\"name\":\"Comment\",\"target\":[\"https:\/\/riresdenfants-rouen.fr\/RE\/2023\/01\/17\/solidarite-et-generosite\/#respond\"]}]},{\"@type\":\"WebPage\",\"@id\":\"https:\/\/riresdenfants-rouen.fr\/RE\/2023\/01\/17\/solidarite-et-generosite\/\",\"url\":\"https:\/\/riresdenfants-rouen.fr\/RE\/2023\/01\/17\/solidarite-et-generosite\/\",\"name\":\"Solidarit\u00e9 et g\u00e9n\u00e9rosit\u00e9 - Rires d&#039;enfants Rouen\",\"isPartOf\":{\"@id\":\"https:\/\/riresdenfants-rouen.fr\/RE\/#website\"},\"datePublished\":\"2023-01-17T11:10:57+00:00\",\"dateModified\":\"2023-09-04T19:28:03+00:00\",\"breadcrumb\":{\"@id\":\"https:\/\/riresdenfants-rouen.fr\/RE\/2023\/01\/17\/solidarite-et-generosite\/#breadcrumb\"},\"inLanguage\":\"fr-FR\",\"potentialAction\":[{\"@type\":\"ReadAction\",\"target\":[\"https:\/\/riresdenfants-rouen.fr\/RE\/2023\/01\/17\/solidarite-et-generosite\/\"]}]},{\"@type\":\"BreadcrumbList\",\"@id\":\"https:\/\/riresdenfants-rouen.fr\/RE\/2023\/01\/17\/solidarite-et-generosite\/#breadcrumb\",\"itemListElement\":[{\"@type\":\"ListItem\",\"position\":1,\"name\":\"Accueil\",\"item\":\"https:\/\/riresdenfants-rouen.fr\/RE\/\"},{\"@type\":\"ListItem\",\"position\":2,\"name\":\"Solidarit\u00e9 et g\u00e9n\u00e9rosit\u00e9\"}]},{\"@type\":\"WebSite\",\"@id\":\"https:\/\/riresdenfants-rouen.fr\/RE\/#website\",\"url\":\"https:\/\/riresdenfants-rouen.fr\/RE\/\",\"name\":\"Rires d&#039;enfants Rouen\",\"description\":\"Rires d&#039;enfants intervient au CHU Rouen depuis plus de 40 ans pr\u00e8s des enfants malades avec 80 B\u00e9n\u00e9voles\",\"publisher\":{\"@id\":\"https:\/\/riresdenfants-rouen.fr\/RE\/#organization\"},\"potentialAction\":[{\"@type\":\"SearchAction\",\"target\":{\"@type\":\"EntryPoint\",\"urlTemplate\":\"https:\/\/riresdenfants-rouen.fr\/RE\/?s={search_term_string}\"},\"query-input\":\"required name=search_term_string\"}],\"inLanguage\":\"fr-FR\"},{\"@type\":\"Organization\",\"@id\":\"https:\/\/riresdenfants-rouen.fr\/RE\/#organization\",\"name\":\"Rires d&#039;enfants Rouen\",\"url\":\"https:\/\/riresdenfants-rouen.fr\/RE\/\",\"logo\":{\"@type\":\"ImageObject\",\"inLanguage\":\"fr-FR\",\"@id\":\"https:\/\/riresdenfants-rouen.fr\/RE\/#\/schema\/logo\/image\/\",\"url\":\"https:\/\/riresdenfants-rouen.fr\/RE\/wp-content\/uploads\/2020\/08\/cropped-cropped-rire_enfants_logo-e1504523736962-300x300-1-2.jpg\",\"contentUrl\":\"https:\/\/riresdenfants-rouen.fr\/RE\/wp-content\/uploads\/2020\/08\/cropped-cropped-rire_enfants_logo-e1504523736962-300x300-1-2.jpg\",\"width\":248,\"height\":248,\"caption\":\"Rires d&#039;enfants Rouen\"},\"image\":{\"@id\":\"https:\/\/riresdenfants-rouen.fr\/RE\/#\/schema\/logo\/image\/\"},\"sameAs\":[\"https:\/\/www.facebook.com\/Association-Rires-dEnfants-Rouen-211721688936602\/?view_public_for=211721688936602\"]},{\"@type\":\"Person\",\"@id\":\"https:\/\/riresdenfants-rouen.fr\/RE\/#\/schema\/person\/218dfa3f2d0e889b1283f846fb28804c\",\"name\":\"Francoise\",\"image\":{\"@type\":\"ImageObject\",\"inLanguage\":\"fr-FR\",\"@id\":\"https:\/\/riresdenfants-rouen.fr\/RE\/#\/schema\/person\/image\/\",\"url\":\"https:\/\/secure.gravatar.com\/avatar\/ae30b793f3c3259367f955325487fd95?s=96&d=mm&r=g\",\"contentUrl\":\"https:\/\/secure.gravatar.com\/avatar\/ae30b793f3c3259367f955325487fd95?s=96&d=mm&r=g\",\"caption\":\"Francoise\"},\"url\":\"https:\/\/riresdenfants-rouen.fr\/RE\/author\/francoise\/\"}]}<\/script>\n<!-- \/ Yoast SEO plugin. -->","yoast_head_json":{"title":"Solidarit\u00e9 et g\u00e9n\u00e9rosit\u00e9 - Rires d&#039;enfants Rouen","robots":{"index":"index","follow":"follow","max-snippet":"max-snippet:-1","max-image-preview":"max-image-preview:large","max-video-preview":"max-video-preview:-1"},"canonical":"https:\/\/riresdenfants-rouen.fr\/RE\/2023\/01\/17\/solidarite-et-generosite\/","og_locale":"fr_FR","og_type":"article","og_title":"Solidarit\u00e9 et g\u00e9n\u00e9rosit\u00e9 - Rires d&#039;enfants Rouen","og_description":"Centre Malraux Rouen Une belle \u00e9quipe regroup\u00e9e autour du projet #UniSontNous du dispositif #Avenir. Ce projet a fait \u00e9clore les talents et les qualit\u00e9s de ces participants qui avaient pu douter d&#8217;eux-m\u00eame. La confection de tr\u00e8s jolis sacs est le point d&#8217;orgue de leur projet. Les sacs se sont vendus comme des petits pains en [&hellip;]","og_url":"https:\/\/riresdenfants-rouen.fr\/RE\/2023\/01\/17\/solidarite-et-generosite\/","og_site_name":"Rires d&#039;enfants Rouen","article_publisher":"https:\/\/www.facebook.com\/Association-Rires-dEnfants-Rouen-211721688936602\/?view_public_for=211721688936602","article_published_time":"2023-01-17T11:10:57+00:00","article_modified_time":"2023-09-04T19:28:03+00:00","og_image":[{"width":2560,"height":2190,"url":"https:\/\/riresdenfants-rouen.fr\/RE\/wp-content\/uploads\/2023\/01\/Unissontnous-scaled.jpeg","type":"image\/jpeg"}],"author":"Francoise","twitter_card":"summary_large_image","twitter_misc":{"\u00c9crit par":"Francoise","Dur\u00e9e de lecture estim\u00e9e":"2 minutes"},"schema":{"@context":"https:\/\/schema.org","@graph":[{"@type":"Article","@id":"https:\/\/riresdenfants-rouen.fr\/RE\/2023\/01\/17\/solidarite-et-generosite\/#article","isPartOf":{"@id":"https:\/\/riresdenfants-rouen.fr\/RE\/2023\/01\/17\/solidarite-et-generosite\/"},"author":{"name":"Francoise","@id":"https:\/\/riresdenfants-rouen.fr\/RE\/#\/schema\/person\/218dfa3f2d0e889b1283f846fb28804c"},"headline":"Solidarit\u00e9 et g\u00e9n\u00e9rosit\u00e9","datePublished":"2023-01-17T11:10:57+00:00","dateModified":"2023-09-04T19:28:03+00:00","mainEntityOfPage":{"@id":"https:\/\/riresdenfants-rouen.fr\/RE\/2023\/01\/17\/solidarite-et-generosite\/"},"wordCount":287,"commentCount":0,"publisher":{"@id":"https:\/\/riresdenfants-rouen.fr\/RE\/#organization"},"articleSection":["Actualit\u00e9","bandeau"],"inLanguage":"fr-FR","potentialAction":[{"@type":"CommentAction","name":"Comment","target":["https:\/\/riresdenfants-rouen.fr\/RE\/2023\/01\/17\/solidarite-et-generosite\/#respond"]}]},{"@type":"WebPage","@id":"https:\/\/riresdenfants-rouen.fr\/RE\/2023\/01\/17\/solidarite-et-generosite\/","url":"https:\/\/riresdenfants-rouen.fr\/RE\/2023\/01\/17\/solidarite-et-generosite\/","name":"Solidarit\u00e9 et g\u00e9n\u00e9rosit\u00e9 - Rires d&#039;enfants Rouen","isPartOf":{"@id":"https:\/\/riresdenfants-rouen.fr\/RE\/#website"},"datePublished":"2023-01-17T11:10:57+00:00","dateModified":"2023-09-04T19:28:03+00:00","breadcrumb":{"@id":"https:\/\/riresdenfants-rouen.fr\/RE\/2023\/01\/17\/solidarite-et-generosite\/#breadcrumb"},"inLanguage":"fr-FR","potentialAction":[{"@type":"ReadAction","target":["https:\/\/riresdenfants-rouen.fr\/RE\/2023\/01\/17\/solidarite-et-generosite\/"]}]},{"@type":"BreadcrumbList","@id":"https:\/\/riresdenfants-rouen.fr\/RE\/2023\/01\/17\/solidarite-et-generosite\/#breadcrumb","itemListElement":[{"@type":"ListItem","position":1,"name":"Accueil","item":"https:\/\/riresdenfants-rouen.fr\/RE\/"},{"@type":"ListItem","position":2,"name":"Solidarit\u00e9 et g\u00e9n\u00e9rosit\u00e9"}]},{"@type":"WebSite","@id":"https:\/\/riresdenfants-rouen.fr\/RE\/#website","url":"https:\/\/riresdenfants-rouen.fr\/RE\/","name":"Rires d&#039;enfants Rouen","description":"Rires d&#039;enfants intervient au CHU Rouen depuis plus de 40 ans pr\u00e8s des enfants malades avec 80 B\u00e9n\u00e9voles","publisher":{"@id":"https:\/\/riresdenfants-rouen.fr\/RE\/#organization"},"potentialAction":[{"@type":"SearchAction","target":{"@type":"EntryPoint","urlTemplate":"https:\/\/riresdenfants-rouen.fr\/RE\/?s={search_term_string}"},"query-input":"required name=search_term_string"}],"inLanguage":"fr-FR"},{"@type":"Organization","@id":"https:\/\/riresdenfants-rouen.fr\/RE\/#organization","name":"Rires d&#039;enfants Rouen","url":"https:\/\/riresdenfants-rouen.fr\/RE\/","logo":{"@type":"ImageObject","inLanguage":"fr-FR","@id":"https:\/\/riresdenfants-rouen.fr\/RE\/#\/schema\/logo\/image\/","url":"https:\/\/riresdenfants-rouen.fr\/RE\/wp-content\/uploads\/2020\/08\/cropped-cropped-rire_enfants_logo-e1504523736962-300x300-1-2.jpg","contentUrl":"https:\/\/riresdenfants-rouen.fr\/RE\/wp-content\/uploads\/2020\/08\/cropped-cropped-rire_enfants_logo-e1504523736962-300x300-1-2.jpg","width":248,"height":248,"caption":"Rires d&#039;enfants Rouen"},"image":{"@id":"https:\/\/riresdenfants-rouen.fr\/RE\/#\/schema\/logo\/image\/"},"sameAs":["https:\/\/www.facebook.com\/Association-Rires-dEnfants-Rouen-211721688936602\/?view_public_for=211721688936602"]},{"@type":"Person","@id":"https:\/\/riresdenfants-rouen.fr\/RE\/#\/schema\/person\/218dfa3f2d0e889b1283f846fb28804c","name":"Francoise","image":{"@type":"ImageObject","inLanguage":"fr-FR","@id":"https:\/\/riresdenfants-rouen.fr\/RE\/#\/schema\/person\/image\/","url":"https:\/\/secure.gravatar.com\/avatar\/ae30b793f3c3259367f955325487fd95?s=96&d=mm&r=g","contentUrl":"https:\/\/secure.gravatar.com\/avatar\/ae30b793f3c3259367f955325487fd95?s=96&d=mm&r=g","caption":"Francoise"},"url":"https:\/\/riresdenfants-rouen.fr\/RE\/author\/francoise\/"}]}},"_links":{"self":[{"href":"https:\/\/riresdenfants-rouen.fr\/RE\/wp-json\/wp\/v2\/posts\/676"}],"collection":[{"href":"https:\/\/riresdenfants-rouen.fr\/RE\/wp-json\/wp\/v2\/posts"}],"about":[{"href":"https:\/\/riresdenfants-rouen.fr\/RE\/wp-json\/wp\/v2\/types\/post"}],"author":[{"embeddable":true,"href":"https:\/\/riresdenfants-rouen.fr\/RE\/wp-json\/wp\/v2\/users\/1"}],"replies":[{"embeddable":true,"href":"https:\/\/riresdenfants-rouen.fr\/RE\/wp-json\/wp\/v2\/comments?post=676"}],"version-history":[{"count":11,"href":"https:\/\/riresdenfants-rouen.fr\/RE\/wp-json\/wp\/v2\/posts\/676\/revisions"}],"predecessor-version":[{"id":771,"href":"https:\/\/riresdenfants-rouen.fr\/RE\/wp-json\/wp\/v2\/posts\/676\/revisions\/771"}],"wp:featuredmedia":[{"embeddable":true,"href":"https:\/\/riresdenfants-rouen.fr\/RE\/wp-json\/wp\/v2\/media\/677"}],"wp:attachment":[{"href":"https:\/\/riresdenfants-rouen.fr\/RE\/wp-json\/wp\/v2\/media?parent=676"}],"wp:term":[{"taxonomy":"category","embeddable":true,"href":"https:\/\/riresdenfants-rouen.fr\/RE\/wp-json\/wp\/v2\/categories?post=676"},{"taxonomy":"post_tag","embeddable":true,"href":"https:\/\/riresdenfants-rouen.fr\/RE\/wp-json\/wp\/v2\/tags?post=676"}],"curies":[{"name":"wp","href":"https:\/\/api.w.org\/{rel}","templated":true}]}}