{"id":642,"date":"2022-12-16T17:49:18","date_gmt":"2022-12-16T16:49:18","guid":{"rendered":"https:\/\/riresdenfants-rouen.fr\/RE\/?p=642"},"modified":"2023-09-04T21:31:47","modified_gmt":"2023-09-04T19:31:47","slug":"belle-expo-lego-au-chateau-de-tilly","status":"publish","type":"post","link":"https:\/\/riresdenfants-rouen.fr\/RE\/2022\/12\/16\/belle-expo-lego-au-chateau-de-tilly\/","title":{"rendered":"Belle expo Lego au Ch\u00e2teau de Tilly"},"content":{"rendered":"\n<p>Les 3 et 4  d\u00e9cembre avait lieu au Ch\u00e2teau de Tilly une exposition d&#8217;oeuvres en lego au profit de l&#8217;AFM T\u00e9l\u00e9thon et de Rires d&#8217;Enfants. <\/p>\n\n\n\n<figure class=\"wp-block-image size-large\"><img loading=\"lazy\" decoding=\"async\" width=\"1024\" height=\"768\" src=\"https:\/\/riresdenfants-rouen.fr\/RE\/wp-content\/uploads\/2022\/12\/tilly-rome-1024x768.jpeg\" alt=\"\" class=\"wp-image-648\" srcset=\"https:\/\/riresdenfants-rouen.fr\/RE\/wp-content\/uploads\/2022\/12\/tilly-rome-1024x768.jpeg 1024w, https:\/\/riresdenfants-rouen.fr\/RE\/wp-content\/uploads\/2022\/12\/tilly-rome-300x225.jpeg 300w, https:\/\/riresdenfants-rouen.fr\/RE\/wp-content\/uploads\/2022\/12\/tilly-rome-768x576.jpeg 768w, https:\/\/riresdenfants-rouen.fr\/RE\/wp-content\/uploads\/2022\/12\/tilly-rome-1536x1152.jpeg 1536w, https:\/\/riresdenfants-rouen.fr\/RE\/wp-content\/uploads\/2022\/12\/tilly-rome-2048x1536.jpeg 2048w\" sizes=\"(max-width: 1024px) 100vw, 1024px\" \/><\/figure>\n\n\n\n<p>Les 3 et 4  d\u00e9cembre avait lieu au Ch\u00e2teau de Tilly une exposition d&#8217;oeuvres en lego au profit de l&#8217;AFM T\u00e9l\u00e9thon et de Rires d&#8217;Enfants. <\/p>\n\n\n\n<figure class=\"wp-block-image size-large\"><img loading=\"lazy\" decoding=\"async\" width=\"1024\" height=\"950\" src=\"https:\/\/riresdenfants-rouen.fr\/RE\/wp-content\/uploads\/2022\/12\/tilly-nuit-1-1024x950.jpeg\" alt=\"\" class=\"wp-image-654\" srcset=\"https:\/\/riresdenfants-rouen.fr\/RE\/wp-content\/uploads\/2022\/12\/tilly-nuit-1-1024x950.jpeg 1024w, https:\/\/riresdenfants-rouen.fr\/RE\/wp-content\/uploads\/2022\/12\/tilly-nuit-1-300x278.jpeg 300w, https:\/\/riresdenfants-rouen.fr\/RE\/wp-content\/uploads\/2022\/12\/tilly-nuit-1-768x713.jpeg 768w, https:\/\/riresdenfants-rouen.fr\/RE\/wp-content\/uploads\/2022\/12\/tilly-nuit-1-1536x1425.jpeg 1536w, https:\/\/riresdenfants-rouen.fr\/RE\/wp-content\/uploads\/2022\/12\/tilly-nuit-1-2048x1900.jpeg 2048w\" sizes=\"(max-width: 1024px) 100vw, 1024px\" \/><figcaption class=\"wp-element-caption\">On a vu une belle &#8220;Nuit \u00e9toil\u00e9e&#8221;<\/figcaption><\/figure>\n\n\n\n<figure class=\"wp-block-image size-large\"><img loading=\"lazy\" decoding=\"async\" width=\"768\" height=\"1024\" src=\"https:\/\/riresdenfants-rouen.fr\/RE\/wp-content\/uploads\/2022\/12\/tilly-johnny-768x1024.jpeg\" alt=\"\" class=\"wp-image-649\" srcset=\"https:\/\/riresdenfants-rouen.fr\/RE\/wp-content\/uploads\/2022\/12\/tilly-johnny-768x1024.jpeg 768w, https:\/\/riresdenfants-rouen.fr\/RE\/wp-content\/uploads\/2022\/12\/tilly-johnny-225x300.jpeg 225w, https:\/\/riresdenfants-rouen.fr\/RE\/wp-content\/uploads\/2022\/12\/tilly-johnny-1152x1536.jpeg 1152w, https:\/\/riresdenfants-rouen.fr\/RE\/wp-content\/uploads\/2022\/12\/tilly-johnny-1536x2048.jpeg 1536w, https:\/\/riresdenfants-rouen.fr\/RE\/wp-content\/uploads\/2022\/12\/tilly-johnny-scaled.jpeg 1920w\" sizes=\"(max-width: 768px) 100vw, 768px\" \/><figcaption class=\"wp-element-caption\"><br>M\u00eame le dernier concert de Johnny<\/figcaption><\/figure>\n\n\n\n<figure class=\"wp-block-image size-large\"><img loading=\"lazy\" decoding=\"async\" width=\"768\" height=\"1024\" src=\"https:\/\/riresdenfants-rouen.fr\/RE\/wp-content\/uploads\/2022\/12\/Tilly-michele-768x1024.jpeg\" alt=\"\" class=\"wp-image-650\" srcset=\"https:\/\/riresdenfants-rouen.fr\/RE\/wp-content\/uploads\/2022\/12\/Tilly-michele-768x1024.jpeg 768w, https:\/\/riresdenfants-rouen.fr\/RE\/wp-content\/uploads\/2022\/12\/Tilly-michele-225x300.jpeg 225w, https:\/\/riresdenfants-rouen.fr\/RE\/wp-content\/uploads\/2022\/12\/Tilly-michele-1152x1536.jpeg 1152w, https:\/\/riresdenfants-rouen.fr\/RE\/wp-content\/uploads\/2022\/12\/Tilly-michele-1536x2048.jpeg 1536w, https:\/\/riresdenfants-rouen.fr\/RE\/wp-content\/uploads\/2022\/12\/Tilly-michele-scaled.jpeg 1920w\" sizes=\"(max-width: 768px) 100vw, 768px\" \/><figcaption class=\"wp-element-caption\">Mich\u00e8le s&#8217;applique, elle respecte le mod\u00e8le\u2026. tout le public a pu participer \u00e0 la r\u00e9alisation de cette fresque de 26000 briques .   <\/figcaption><\/figure>\n\n\n\n<figure class=\"wp-block-image size-full\"><img loading=\"lazy\" decoding=\"async\" width=\"1023\" height=\"767\" src=\"https:\/\/riresdenfants-rouen.fr\/RE\/wp-content\/uploads\/2022\/12\/chateau-tilly.jpg\" alt=\"\" class=\"wp-image-643\" srcset=\"https:\/\/riresdenfants-rouen.fr\/RE\/wp-content\/uploads\/2022\/12\/chateau-tilly.jpg 1023w, https:\/\/riresdenfants-rouen.fr\/RE\/wp-content\/uploads\/2022\/12\/chateau-tilly-300x225.jpg 300w, https:\/\/riresdenfants-rouen.fr\/RE\/wp-content\/uploads\/2022\/12\/chateau-tilly-768x576.jpg 768w\" sizes=\"(max-width: 1023px) 100vw, 1023px\" \/><figcaption class=\"wp-element-caption\">Fran\u00e7oise s&#8217;appr\u00eate \u00e0 poser la derni\u00e8re pi\u00e8ce sous l&#8217;oeil inquiet de Monsieur le Maire de Boissey-Le-Chatel \u2026.. ouf, la fresque ne s&#8217;est pas \u00e9croul\u00e9e!<\/figcaption><\/figure>\n","protected":false},"excerpt":{"rendered":"<p>Les 3 et 4 d\u00e9cembre avait lieu au Ch\u00e2teau de Tilly une exposition d&#8217;oeuvres en lego au profit de l&#8217;AFM T\u00e9l\u00e9thon et de Rires d&#8217;Enfants. Les 3 et 4 d\u00e9cembre avait lieu au Ch\u00e2teau de Tilly une exposition d&#8217;oeuvres en lego au profit de l&#8217;AFM T\u00e9l\u00e9thon et de Rires d&#8217;Enfants.<\/p>\n","protected":false},"author":1,"featured_media":649,"comment_status":"open","ping_status":"open","sticky":false,"template":"","format":"standard","meta":{"footnotes":""},"categories":[3,5],"tags":[],"yoast_head":"<!-- This site is optimized with the Yoast SEO plugin v21.1 - https:\/\/yoast.com\/wordpress\/plugins\/seo\/ -->\n<title>Belle expo Lego au Ch\u00e2teau de Tilly - Rires d&#039;enfants Rouen<\/title>\n<meta name=\"robots\" content=\"index, follow, max-snippet:-1, max-image-preview:large, max-video-preview:-1\" \/>\n<link rel=\"canonical\" href=\"https:\/\/riresdenfants-rouen.fr\/RE\/2022\/12\/16\/belle-expo-lego-au-chateau-de-tilly\/\" \/>\n<meta property=\"og:locale\" content=\"fr_FR\" \/>\n<meta property=\"og:type\" content=\"article\" \/>\n<meta property=\"og:title\" content=\"Belle expo Lego au Ch\u00e2teau de Tilly - Rires d&#039;enfants Rouen\" \/>\n<meta property=\"og:description\" content=\"Les 3 et 4 d\u00e9cembre avait lieu au Ch\u00e2teau de Tilly une exposition d&#8217;oeuvres en lego au profit de l&#8217;AFM T\u00e9l\u00e9thon et de Rires d&#8217;Enfants. Les 3 et 4 d\u00e9cembre avait lieu au Ch\u00e2teau de Tilly une exposition d&#8217;oeuvres en lego au profit de l&#8217;AFM T\u00e9l\u00e9thon et de Rires d&#8217;Enfants.\" \/>\n<meta property=\"og:url\" content=\"https:\/\/riresdenfants-rouen.fr\/RE\/2022\/12\/16\/belle-expo-lego-au-chateau-de-tilly\/\" \/>\n<meta property=\"og:site_name\" content=\"Rires d&#039;enfants Rouen\" \/>\n<meta property=\"article:publisher\" content=\"https:\/\/www.facebook.com\/Association-Rires-dEnfants-Rouen-211721688936602\/?view_public_for=211721688936602\" \/>\n<meta property=\"article:published_time\" content=\"2022-12-16T16:49:18+00:00\" \/>\n<meta property=\"article:modified_time\" content=\"2023-09-04T19:31:47+00:00\" \/>\n<meta property=\"og:image\" content=\"https:\/\/riresdenfants-rouen.fr\/RE\/wp-content\/uploads\/2022\/12\/tilly-johnny-scaled.jpeg\" \/>\n\t<meta property=\"og:image:width\" content=\"1920\" \/>\n\t<meta property=\"og:image:height\" content=\"2560\" \/>\n\t<meta property=\"og:image:type\" content=\"image\/jpeg\" \/>\n<meta name=\"author\" content=\"Francoise\" \/>\n<meta name=\"twitter:card\" content=\"summary_large_image\" \/>\n<meta name=\"twitter:label1\" content=\"\u00c9crit par\" \/>\n\t<meta name=\"twitter:data1\" content=\"Francoise\" \/>\n\t<meta name=\"twitter:label2\" content=\"Dur\u00e9e de lecture estim\u00e9e\" \/>\n\t<meta name=\"twitter:data2\" content=\"2 minutes\" \/>\n<script type=\"application\/ld+json\" class=\"yoast-schema-graph\">{\"@context\":\"https:\/\/schema.org\",\"@graph\":[{\"@type\":\"Article\",\"@id\":\"https:\/\/riresdenfants-rouen.fr\/RE\/2022\/12\/16\/belle-expo-lego-au-chateau-de-tilly\/#article\",\"isPartOf\":{\"@id\":\"https:\/\/riresdenfants-rouen.fr\/RE\/2022\/12\/16\/belle-expo-lego-au-chateau-de-tilly\/\"},\"author\":{\"name\":\"Francoise\",\"@id\":\"https:\/\/riresdenfants-rouen.fr\/RE\/#\/schema\/person\/218dfa3f2d0e889b1283f846fb28804c\"},\"headline\":\"Belle expo Lego au Ch\u00e2teau de Tilly\",\"datePublished\":\"2022-12-16T16:49:18+00:00\",\"dateModified\":\"2023-09-04T19:31:47+00:00\",\"mainEntityOfPage\":{\"@id\":\"https:\/\/riresdenfants-rouen.fr\/RE\/2022\/12\/16\/belle-expo-lego-au-chateau-de-tilly\/\"},\"wordCount\":126,\"commentCount\":0,\"publisher\":{\"@id\":\"https:\/\/riresdenfants-rouen.fr\/RE\/#organization\"},\"articleSection\":[\"Actualit\u00e9\",\"bandeau\"],\"inLanguage\":\"fr-FR\",\"potentialAction\":[{\"@type\":\"CommentAction\",\"name\":\"Comment\",\"target\":[\"https:\/\/riresdenfants-rouen.fr\/RE\/2022\/12\/16\/belle-expo-lego-au-chateau-de-tilly\/#respond\"]}]},{\"@type\":\"WebPage\",\"@id\":\"https:\/\/riresdenfants-rouen.fr\/RE\/2022\/12\/16\/belle-expo-lego-au-chateau-de-tilly\/\",\"url\":\"https:\/\/riresdenfants-rouen.fr\/RE\/2022\/12\/16\/belle-expo-lego-au-chateau-de-tilly\/\",\"name\":\"Belle expo Lego au Ch\u00e2teau de Tilly - Rires d&#039;enfants Rouen\",\"isPartOf\":{\"@id\":\"https:\/\/riresdenfants-rouen.fr\/RE\/#website\"},\"datePublished\":\"2022-12-16T16:49:18+00:00\",\"dateModified\":\"2023-09-04T19:31:47+00:00\",\"breadcrumb\":{\"@id\":\"https:\/\/riresdenfants-rouen.fr\/RE\/2022\/12\/16\/belle-expo-lego-au-chateau-de-tilly\/#breadcrumb\"},\"inLanguage\":\"fr-FR\",\"potentialAction\":[{\"@type\":\"ReadAction\",\"target\":[\"https:\/\/riresdenfants-rouen.fr\/RE\/2022\/12\/16\/belle-expo-lego-au-chateau-de-tilly\/\"]}]},{\"@type\":\"BreadcrumbList\",\"@id\":\"https:\/\/riresdenfants-rouen.fr\/RE\/2022\/12\/16\/belle-expo-lego-au-chateau-de-tilly\/#breadcrumb\",\"itemListElement\":[{\"@type\":\"ListItem\",\"position\":1,\"name\":\"Accueil\",\"item\":\"https:\/\/riresdenfants-rouen.fr\/RE\/\"},{\"@type\":\"ListItem\",\"position\":2,\"name\":\"Belle expo Lego au Ch\u00e2teau de Tilly\"}]},{\"@type\":\"WebSite\",\"@id\":\"https:\/\/riresdenfants-rouen.fr\/RE\/#website\",\"url\":\"https:\/\/riresdenfants-rouen.fr\/RE\/\",\"name\":\"Rires d&#039;enfants Rouen\",\"description\":\"Rires d&#039;enfants intervient au CHU Rouen depuis plus de 40 ans pr\u00e8s des enfants malades avec 80 B\u00e9n\u00e9voles\",\"publisher\":{\"@id\":\"https:\/\/riresdenfants-rouen.fr\/RE\/#organization\"},\"potentialAction\":[{\"@type\":\"SearchAction\",\"target\":{\"@type\":\"EntryPoint\",\"urlTemplate\":\"https:\/\/riresdenfants-rouen.fr\/RE\/?s={search_term_string}\"},\"query-input\":\"required name=search_term_string\"}],\"inLanguage\":\"fr-FR\"},{\"@type\":\"Organization\",\"@id\":\"https:\/\/riresdenfants-rouen.fr\/RE\/#organization\",\"name\":\"Rires d&#039;enfants Rouen\",\"url\":\"https:\/\/riresdenfants-rouen.fr\/RE\/\",\"logo\":{\"@type\":\"ImageObject\",\"inLanguage\":\"fr-FR\",\"@id\":\"https:\/\/riresdenfants-rouen.fr\/RE\/#\/schema\/logo\/image\/\",\"url\":\"https:\/\/riresdenfants-rouen.fr\/RE\/wp-content\/uploads\/2020\/08\/cropped-cropped-rire_enfants_logo-e1504523736962-300x300-1-2.jpg\",\"contentUrl\":\"https:\/\/riresdenfants-rouen.fr\/RE\/wp-content\/uploads\/2020\/08\/cropped-cropped-rire_enfants_logo-e1504523736962-300x300-1-2.jpg\",\"width\":248,\"height\":248,\"caption\":\"Rires d&#039;enfants Rouen\"},\"image\":{\"@id\":\"https:\/\/riresdenfants-rouen.fr\/RE\/#\/schema\/logo\/image\/\"},\"sameAs\":[\"https:\/\/www.facebook.com\/Association-Rires-dEnfants-Rouen-211721688936602\/?view_public_for=211721688936602\"]},{\"@type\":\"Person\",\"@id\":\"https:\/\/riresdenfants-rouen.fr\/RE\/#\/schema\/person\/218dfa3f2d0e889b1283f846fb28804c\",\"name\":\"Francoise\",\"image\":{\"@type\":\"ImageObject\",\"inLanguage\":\"fr-FR\",\"@id\":\"https:\/\/riresdenfants-rouen.fr\/RE\/#\/schema\/person\/image\/\",\"url\":\"https:\/\/secure.gravatar.com\/avatar\/ae30b793f3c3259367f955325487fd95?s=96&d=mm&r=g\",\"contentUrl\":\"https:\/\/secure.gravatar.com\/avatar\/ae30b793f3c3259367f955325487fd95?s=96&d=mm&r=g\",\"caption\":\"Francoise\"},\"url\":\"https:\/\/riresdenfants-rouen.fr\/RE\/author\/francoise\/\"}]}<\/script>\n<!-- \/ Yoast SEO plugin. -->","yoast_head_json":{"title":"Belle expo Lego au Ch\u00e2teau de Tilly - Rires d&#039;enfants Rouen","robots":{"index":"index","follow":"follow","max-snippet":"max-snippet:-1","max-image-preview":"max-image-preview:large","max-video-preview":"max-video-preview:-1"},"canonical":"https:\/\/riresdenfants-rouen.fr\/RE\/2022\/12\/16\/belle-expo-lego-au-chateau-de-tilly\/","og_locale":"fr_FR","og_type":"article","og_title":"Belle expo Lego au Ch\u00e2teau de Tilly - Rires d&#039;enfants Rouen","og_description":"Les 3 et 4 d\u00e9cembre avait lieu au Ch\u00e2teau de Tilly une exposition d&#8217;oeuvres en lego au profit de l&#8217;AFM T\u00e9l\u00e9thon et de Rires d&#8217;Enfants. Les 3 et 4 d\u00e9cembre avait lieu au Ch\u00e2teau de Tilly une exposition d&#8217;oeuvres en lego au profit de l&#8217;AFM T\u00e9l\u00e9thon et de Rires d&#8217;Enfants.","og_url":"https:\/\/riresdenfants-rouen.fr\/RE\/2022\/12\/16\/belle-expo-lego-au-chateau-de-tilly\/","og_site_name":"Rires d&#039;enfants Rouen","article_publisher":"https:\/\/www.facebook.com\/Association-Rires-dEnfants-Rouen-211721688936602\/?view_public_for=211721688936602","article_published_time":"2022-12-16T16:49:18+00:00","article_modified_time":"2023-09-04T19:31:47+00:00","og_image":[{"width":1920,"height":2560,"url":"https:\/\/riresdenfants-rouen.fr\/RE\/wp-content\/uploads\/2022\/12\/tilly-johnny-scaled.jpeg","type":"image\/jpeg"}],"author":"Francoise","twitter_card":"summary_large_image","twitter_misc":{"\u00c9crit par":"Francoise","Dur\u00e9e de lecture estim\u00e9e":"2 minutes"},"schema":{"@context":"https:\/\/schema.org","@graph":[{"@type":"Article","@id":"https:\/\/riresdenfants-rouen.fr\/RE\/2022\/12\/16\/belle-expo-lego-au-chateau-de-tilly\/#article","isPartOf":{"@id":"https:\/\/riresdenfants-rouen.fr\/RE\/2022\/12\/16\/belle-expo-lego-au-chateau-de-tilly\/"},"author":{"name":"Francoise","@id":"https:\/\/riresdenfants-rouen.fr\/RE\/#\/schema\/person\/218dfa3f2d0e889b1283f846fb28804c"},"headline":"Belle expo Lego au Ch\u00e2teau de Tilly","datePublished":"2022-12-16T16:49:18+00:00","dateModified":"2023-09-04T19:31:47+00:00","mainEntityOfPage":{"@id":"https:\/\/riresdenfants-rouen.fr\/RE\/2022\/12\/16\/belle-expo-lego-au-chateau-de-tilly\/"},"wordCount":126,"commentCount":0,"publisher":{"@id":"https:\/\/riresdenfants-rouen.fr\/RE\/#organization"},"articleSection":["Actualit\u00e9","bandeau"],"inLanguage":"fr-FR","potentialAction":[{"@type":"CommentAction","name":"Comment","target":["https:\/\/riresdenfants-rouen.fr\/RE\/2022\/12\/16\/belle-expo-lego-au-chateau-de-tilly\/#respond"]}]},{"@type":"WebPage","@id":"https:\/\/riresdenfants-rouen.fr\/RE\/2022\/12\/16\/belle-expo-lego-au-chateau-de-tilly\/","url":"https:\/\/riresdenfants-rouen.fr\/RE\/2022\/12\/16\/belle-expo-lego-au-chateau-de-tilly\/","name":"Belle expo Lego au Ch\u00e2teau de Tilly - Rires d&#039;enfants Rouen","isPartOf":{"@id":"https:\/\/riresdenfants-rouen.fr\/RE\/#website"},"datePublished":"2022-12-16T16:49:18+00:00","dateModified":"2023-09-04T19:31:47+00:00","breadcrumb":{"@id":"https:\/\/riresdenfants-rouen.fr\/RE\/2022\/12\/16\/belle-expo-lego-au-chateau-de-tilly\/#breadcrumb"},"inLanguage":"fr-FR","potentialAction":[{"@type":"ReadAction","target":["https:\/\/riresdenfants-rouen.fr\/RE\/2022\/12\/16\/belle-expo-lego-au-chateau-de-tilly\/"]}]},{"@type":"BreadcrumbList","@id":"https:\/\/riresdenfants-rouen.fr\/RE\/2022\/12\/16\/belle-expo-lego-au-chateau-de-tilly\/#breadcrumb","itemListElement":[{"@type":"ListItem","position":1,"name":"Accueil","item":"https:\/\/riresdenfants-rouen.fr\/RE\/"},{"@type":"ListItem","position":2,"name":"Belle expo Lego au Ch\u00e2teau de Tilly"}]},{"@type":"WebSite","@id":"https:\/\/riresdenfants-rouen.fr\/RE\/#website","url":"https:\/\/riresdenfants-rouen.fr\/RE\/","name":"Rires d&#039;enfants Rouen","description":"Rires d&#039;enfants intervient au CHU Rouen depuis plus de 40 ans pr\u00e8s des enfants malades avec 80 B\u00e9n\u00e9voles","publisher":{"@id":"https:\/\/riresdenfants-rouen.fr\/RE\/#organization"},"potentialAction":[{"@type":"SearchAction","target":{"@type":"EntryPoint","urlTemplate":"https:\/\/riresdenfants-rouen.fr\/RE\/?s={search_term_string}"},"query-input":"required name=search_term_string"}],"inLanguage":"fr-FR"},{"@type":"Organization","@id":"https:\/\/riresdenfants-rouen.fr\/RE\/#organization","name":"Rires d&#039;enfants Rouen","url":"https:\/\/riresdenfants-rouen.fr\/RE\/","logo":{"@type":"ImageObject","inLanguage":"fr-FR","@id":"https:\/\/riresdenfants-rouen.fr\/RE\/#\/schema\/logo\/image\/","url":"https:\/\/riresdenfants-rouen.fr\/RE\/wp-content\/uploads\/2020\/08\/cropped-cropped-rire_enfants_logo-e1504523736962-300x300-1-2.jpg","contentUrl":"https:\/\/riresdenfants-rouen.fr\/RE\/wp-content\/uploads\/2020\/08\/cropped-cropped-rire_enfants_logo-e1504523736962-300x300-1-2.jpg","width":248,"height":248,"caption":"Rires d&#039;enfants Rouen"},"image":{"@id":"https:\/\/riresdenfants-rouen.fr\/RE\/#\/schema\/logo\/image\/"},"sameAs":["https:\/\/www.facebook.com\/Association-Rires-dEnfants-Rouen-211721688936602\/?view_public_for=211721688936602"]},{"@type":"Person","@id":"https:\/\/riresdenfants-rouen.fr\/RE\/#\/schema\/person\/218dfa3f2d0e889b1283f846fb28804c","name":"Francoise","image":{"@type":"ImageObject","inLanguage":"fr-FR","@id":"https:\/\/riresdenfants-rouen.fr\/RE\/#\/schema\/person\/image\/","url":"https:\/\/secure.gravatar.com\/avatar\/ae30b793f3c3259367f955325487fd95?s=96&d=mm&r=g","contentUrl":"https:\/\/secure.gravatar.com\/avatar\/ae30b793f3c3259367f955325487fd95?s=96&d=mm&r=g","caption":"Francoise"},"url":"https:\/\/riresdenfants-rouen.fr\/RE\/author\/francoise\/"}]}},"_links":{"self":[{"href":"https:\/\/riresdenfants-rouen.fr\/RE\/wp-json\/wp\/v2\/posts\/642"}],"collection":[{"href":"https:\/\/riresdenfants-rouen.fr\/RE\/wp-json\/wp\/v2\/posts"}],"about":[{"href":"https:\/\/riresdenfants-rouen.fr\/RE\/wp-json\/wp\/v2\/types\/post"}],"author":[{"embeddable":true,"href":"https:\/\/riresdenfants-rouen.fr\/RE\/wp-json\/wp\/v2\/users\/1"}],"replies":[{"embeddable":true,"href":"https:\/\/riresdenfants-rouen.fr\/RE\/wp-json\/wp\/v2\/comments?post=642"}],"version-history":[{"count":8,"href":"https:\/\/riresdenfants-rouen.fr\/RE\/wp-json\/wp\/v2\/posts\/642\/revisions"}],"predecessor-version":[{"id":774,"href":"https:\/\/riresdenfants-rouen.fr\/RE\/wp-json\/wp\/v2\/posts\/642\/revisions\/774"}],"wp:featuredmedia":[{"embeddable":true,"href":"https:\/\/riresdenfants-rouen.fr\/RE\/wp-json\/wp\/v2\/media\/649"}],"wp:attachment":[{"href":"https:\/\/riresdenfants-rouen.fr\/RE\/wp-json\/wp\/v2\/media?parent=642"}],"wp:term":[{"taxonomy":"category","embeddable":true,"href":"https:\/\/riresdenfants-rouen.fr\/RE\/wp-json\/wp\/v2\/categories?post=642"},{"taxonomy":"post_tag","embeddable":true,"href":"https:\/\/riresdenfants-rouen.fr\/RE\/wp-json\/wp\/v2\/tags?post=642"}],"curies":[{"name":"wp","href":"https:\/\/api.w.org\/{rel}","templated":true}]}}