{"id":600,"date":"2022-09-26T20:11:12","date_gmt":"2022-09-26T18:11:12","guid":{"rendered":"https:\/\/riresdenfants-rouen.fr\/RE\/?p=600"},"modified":"2023-09-04T21:44:39","modified_gmt":"2023-09-04T19:44:39","slug":"le-choeur-presto-chante-a-yvetot-pour-lassociation-rires-denfants-au-benefice-des-enfants-hospitalises","status":"publish","type":"post","link":"https:\/\/riresdenfants-rouen.fr\/RE\/2022\/09\/26\/le-choeur-presto-chante-a-yvetot-pour-lassociation-rires-denfants-au-benefice-des-enfants-hospitalises\/","title":{"rendered":"Le ch\u0153ur Presto chante \u00e0 Yvetot pour l\u2019association Rires d\u2019enfants"},"content":{"rendered":"\n<p>Le Kiwanis Club Yvetot Caudebec, Lions Club Yvetot Austreberthe etle Rotary Club d&#8217;Yvetot se sont associ\u00e9s pour organiser une concert au profit des enfants hopistalis\u00e9s au CHU. L&#8217;argent collect\u00e9 sera exclusivement consacr\u00e9 \u00e0 l&#8217;am\u00e9lioration de l&#8217;environnement des enfants hospitalis\u00e9s.<\/p>\n\n\n\n<figure class=\"wp-block-image size-full is-resized\"><img loading=\"lazy\" decoding=\"async\" src=\"https:\/\/riresdenfants-rouen.fr\/RE\/wp-content\/uploads\/2022\/09\/concert-prog-1.jpeg\" alt=\"\" class=\"wp-image-601\" style=\"width:807px;height:1140px\" width=\"807\" height=\"1140\" srcset=\"https:\/\/riresdenfants-rouen.fr\/RE\/wp-content\/uploads\/2022\/09\/concert-prog-1.jpeg 426w, https:\/\/riresdenfants-rouen.fr\/RE\/wp-content\/uploads\/2022\/09\/concert-prog-1-212x300.jpeg 212w\" sizes=\"(max-width: 807px) 100vw, 807px\" \/><\/figure>\n\n\n\n<p><\/p>\n\n\n\n<p><a href=\"https:\/\/www.paris-normandie.fr\/id345096\/article\/2022-09-25\/le-choeur-presto-chante-yvetot-pour-lassociation-rires-denfants-au-benefice-des\">https:\/\/www.paris-normandie.fr\/id345096\/article\/2022-09-25\/le-choeur-presto-chante-yvetot-pour-lassociation-rires-denfants-au-benefice-des<\/a><\/p>\n\n\n\n<p><\/p>\n","protected":false},"excerpt":{"rendered":"<p>Le Kiwanis Club Yvetot Caudebec, Lions Club Yvetot Austreberthe etle Rotary Club d&#8217;Yvetot se sont associ\u00e9s pour organiser une concert au profit des enfants hopistalis\u00e9s au CHU. L&#8217;argent collect\u00e9 sera exclusivement consacr\u00e9 \u00e0 l&#8217;am\u00e9lioration de l&#8217;environnement des enfants hospitalis\u00e9s. https:\/\/www.paris-normandie.fr\/id345096\/article\/2022-09-25\/le-choeur-presto-chante-yvetot-pour-lassociation-rires-denfants-au-benefice-des<\/p>\n","protected":false},"author":1,"featured_media":599,"comment_status":"closed","ping_status":"closed","sticky":false,"template":"","format":"standard","meta":{"footnotes":""},"categories":[3,5],"tags":[],"yoast_head":"<!-- This site is optimized with the Yoast SEO plugin v21.1 - https:\/\/yoast.com\/wordpress\/plugins\/seo\/ -->\n<title>Le ch\u0153ur Presto chante \u00e0 Yvetot pour l\u2019association Rires d\u2019enfants - Rires d&#039;enfants Rouen<\/title>\n<meta name=\"robots\" content=\"index, follow, max-snippet:-1, max-image-preview:large, max-video-preview:-1\" \/>\n<link rel=\"canonical\" href=\"https:\/\/riresdenfants-rouen.fr\/RE\/2022\/09\/26\/le-choeur-presto-chante-a-yvetot-pour-lassociation-rires-denfants-au-benefice-des-enfants-hospitalises\/\" \/>\n<meta property=\"og:locale\" content=\"fr_FR\" \/>\n<meta property=\"og:type\" content=\"article\" \/>\n<meta property=\"og:title\" content=\"Le ch\u0153ur Presto chante \u00e0 Yvetot pour l\u2019association Rires d\u2019enfants - Rires d&#039;enfants Rouen\" \/>\n<meta property=\"og:description\" content=\"Le Kiwanis Club Yvetot Caudebec, Lions Club Yvetot Austreberthe etle Rotary Club d&#8217;Yvetot se sont associ\u00e9s pour organiser une concert au profit des enfants hopistalis\u00e9s au CHU. L&#8217;argent collect\u00e9 sera exclusivement consacr\u00e9 \u00e0 l&#8217;am\u00e9lioration de l&#8217;environnement des enfants hospitalis\u00e9s. https:\/\/www.paris-normandie.fr\/id345096\/article\/2022-09-25\/le-choeur-presto-chante-yvetot-pour-lassociation-rires-denfants-au-benefice-des\" \/>\n<meta property=\"og:url\" content=\"https:\/\/riresdenfants-rouen.fr\/RE\/2022\/09\/26\/le-choeur-presto-chante-a-yvetot-pour-lassociation-rires-denfants-au-benefice-des-enfants-hospitalises\/\" \/>\n<meta property=\"og:site_name\" content=\"Rires d&#039;enfants Rouen\" \/>\n<meta property=\"article:publisher\" content=\"https:\/\/www.facebook.com\/Association-Rires-dEnfants-Rouen-211721688936602\/?view_public_for=211721688936602\" \/>\n<meta property=\"article:published_time\" content=\"2022-09-26T18:11:12+00:00\" \/>\n<meta property=\"article:modified_time\" content=\"2023-09-04T19:44:39+00:00\" \/>\n<meta property=\"og:image\" content=\"https:\/\/riresdenfants-rouen.fr\/RE\/wp-content\/uploads\/2022\/09\/concert-prog.jpeg\" \/>\n\t<meta property=\"og:image:width\" content=\"426\" \/>\n\t<meta property=\"og:image:height\" content=\"602\" \/>\n\t<meta property=\"og:image:type\" content=\"image\/jpeg\" \/>\n<meta name=\"author\" content=\"Francoise\" \/>\n<meta name=\"twitter:card\" content=\"summary_large_image\" \/>\n<meta name=\"twitter:label1\" content=\"\u00c9crit par\" \/>\n\t<meta name=\"twitter:data1\" content=\"Francoise\" \/>\n\t<meta name=\"twitter:label2\" content=\"Dur\u00e9e de lecture estim\u00e9e\" \/>\n\t<meta name=\"twitter:data2\" content=\"1 minute\" \/>\n<script type=\"application\/ld+json\" class=\"yoast-schema-graph\">{\"@context\":\"https:\/\/schema.org\",\"@graph\":[{\"@type\":\"Article\",\"@id\":\"https:\/\/riresdenfants-rouen.fr\/RE\/2022\/09\/26\/le-choeur-presto-chante-a-yvetot-pour-lassociation-rires-denfants-au-benefice-des-enfants-hospitalises\/#article\",\"isPartOf\":{\"@id\":\"https:\/\/riresdenfants-rouen.fr\/RE\/2022\/09\/26\/le-choeur-presto-chante-a-yvetot-pour-lassociation-rires-denfants-au-benefice-des-enfants-hospitalises\/\"},\"author\":{\"name\":\"Francoise\",\"@id\":\"https:\/\/riresdenfants-rouen.fr\/RE\/#\/schema\/person\/218dfa3f2d0e889b1283f846fb28804c\"},\"headline\":\"Le ch\u0153ur Presto chante \u00e0 Yvetot pour l\u2019association Rires d\u2019enfants\",\"datePublished\":\"2022-09-26T18:11:12+00:00\",\"dateModified\":\"2023-09-04T19:44:39+00:00\",\"mainEntityOfPage\":{\"@id\":\"https:\/\/riresdenfants-rouen.fr\/RE\/2022\/09\/26\/le-choeur-presto-chante-a-yvetot-pour-lassociation-rires-denfants-au-benefice-des-enfants-hospitalises\/\"},\"wordCount\":63,\"publisher\":{\"@id\":\"https:\/\/riresdenfants-rouen.fr\/RE\/#organization\"},\"articleSection\":[\"Actualit\u00e9\",\"bandeau\"],\"inLanguage\":\"fr-FR\"},{\"@type\":\"WebPage\",\"@id\":\"https:\/\/riresdenfants-rouen.fr\/RE\/2022\/09\/26\/le-choeur-presto-chante-a-yvetot-pour-lassociation-rires-denfants-au-benefice-des-enfants-hospitalises\/\",\"url\":\"https:\/\/riresdenfants-rouen.fr\/RE\/2022\/09\/26\/le-choeur-presto-chante-a-yvetot-pour-lassociation-rires-denfants-au-benefice-des-enfants-hospitalises\/\",\"name\":\"Le ch\u0153ur Presto chante \u00e0 Yvetot pour l\u2019association Rires d\u2019enfants - Rires d&#039;enfants Rouen\",\"isPartOf\":{\"@id\":\"https:\/\/riresdenfants-rouen.fr\/RE\/#website\"},\"datePublished\":\"2022-09-26T18:11:12+00:00\",\"dateModified\":\"2023-09-04T19:44:39+00:00\",\"breadcrumb\":{\"@id\":\"https:\/\/riresdenfants-rouen.fr\/RE\/2022\/09\/26\/le-choeur-presto-chante-a-yvetot-pour-lassociation-rires-denfants-au-benefice-des-enfants-hospitalises\/#breadcrumb\"},\"inLanguage\":\"fr-FR\",\"potentialAction\":[{\"@type\":\"ReadAction\",\"target\":[\"https:\/\/riresdenfants-rouen.fr\/RE\/2022\/09\/26\/le-choeur-presto-chante-a-yvetot-pour-lassociation-rires-denfants-au-benefice-des-enfants-hospitalises\/\"]}]},{\"@type\":\"BreadcrumbList\",\"@id\":\"https:\/\/riresdenfants-rouen.fr\/RE\/2022\/09\/26\/le-choeur-presto-chante-a-yvetot-pour-lassociation-rires-denfants-au-benefice-des-enfants-hospitalises\/#breadcrumb\",\"itemListElement\":[{\"@type\":\"ListItem\",\"position\":1,\"name\":\"Accueil\",\"item\":\"https:\/\/riresdenfants-rouen.fr\/RE\/\"},{\"@type\":\"ListItem\",\"position\":2,\"name\":\"Le ch\u0153ur Presto chante \u00e0 Yvetot pour l\u2019association Rires d\u2019enfants\"}]},{\"@type\":\"WebSite\",\"@id\":\"https:\/\/riresdenfants-rouen.fr\/RE\/#website\",\"url\":\"https:\/\/riresdenfants-rouen.fr\/RE\/\",\"name\":\"Rires d&#039;enfants Rouen\",\"description\":\"Rires d&#039;enfants intervient au CHU Rouen depuis plus de 40 ans pr\u00e8s des enfants malades avec 80 B\u00e9n\u00e9voles\",\"publisher\":{\"@id\":\"https:\/\/riresdenfants-rouen.fr\/RE\/#organization\"},\"potentialAction\":[{\"@type\":\"SearchAction\",\"target\":{\"@type\":\"EntryPoint\",\"urlTemplate\":\"https:\/\/riresdenfants-rouen.fr\/RE\/?s={search_term_string}\"},\"query-input\":\"required name=search_term_string\"}],\"inLanguage\":\"fr-FR\"},{\"@type\":\"Organization\",\"@id\":\"https:\/\/riresdenfants-rouen.fr\/RE\/#organization\",\"name\":\"Rires d&#039;enfants Rouen\",\"url\":\"https:\/\/riresdenfants-rouen.fr\/RE\/\",\"logo\":{\"@type\":\"ImageObject\",\"inLanguage\":\"fr-FR\",\"@id\":\"https:\/\/riresdenfants-rouen.fr\/RE\/#\/schema\/logo\/image\/\",\"url\":\"https:\/\/riresdenfants-rouen.fr\/RE\/wp-content\/uploads\/2020\/08\/cropped-cropped-rire_enfants_logo-e1504523736962-300x300-1-2.jpg\",\"contentUrl\":\"https:\/\/riresdenfants-rouen.fr\/RE\/wp-content\/uploads\/2020\/08\/cropped-cropped-rire_enfants_logo-e1504523736962-300x300-1-2.jpg\",\"width\":248,\"height\":248,\"caption\":\"Rires d&#039;enfants Rouen\"},\"image\":{\"@id\":\"https:\/\/riresdenfants-rouen.fr\/RE\/#\/schema\/logo\/image\/\"},\"sameAs\":[\"https:\/\/www.facebook.com\/Association-Rires-dEnfants-Rouen-211721688936602\/?view_public_for=211721688936602\"]},{\"@type\":\"Person\",\"@id\":\"https:\/\/riresdenfants-rouen.fr\/RE\/#\/schema\/person\/218dfa3f2d0e889b1283f846fb28804c\",\"name\":\"Francoise\",\"image\":{\"@type\":\"ImageObject\",\"inLanguage\":\"fr-FR\",\"@id\":\"https:\/\/riresdenfants-rouen.fr\/RE\/#\/schema\/person\/image\/\",\"url\":\"https:\/\/secure.gravatar.com\/avatar\/ae30b793f3c3259367f955325487fd95?s=96&d=mm&r=g\",\"contentUrl\":\"https:\/\/secure.gravatar.com\/avatar\/ae30b793f3c3259367f955325487fd95?s=96&d=mm&r=g\",\"caption\":\"Francoise\"},\"url\":\"https:\/\/riresdenfants-rouen.fr\/RE\/author\/francoise\/\"}]}<\/script>\n<!-- \/ Yoast SEO plugin. -->","yoast_head_json":{"title":"Le ch\u0153ur Presto chante \u00e0 Yvetot pour l\u2019association Rires d\u2019enfants - Rires d&#039;enfants Rouen","robots":{"index":"index","follow":"follow","max-snippet":"max-snippet:-1","max-image-preview":"max-image-preview:large","max-video-preview":"max-video-preview:-1"},"canonical":"https:\/\/riresdenfants-rouen.fr\/RE\/2022\/09\/26\/le-choeur-presto-chante-a-yvetot-pour-lassociation-rires-denfants-au-benefice-des-enfants-hospitalises\/","og_locale":"fr_FR","og_type":"article","og_title":"Le ch\u0153ur Presto chante \u00e0 Yvetot pour l\u2019association Rires d\u2019enfants - Rires d&#039;enfants Rouen","og_description":"Le Kiwanis Club Yvetot Caudebec, Lions Club Yvetot Austreberthe etle Rotary Club d&#8217;Yvetot se sont associ\u00e9s pour organiser une concert au profit des enfants hopistalis\u00e9s au CHU. L&#8217;argent collect\u00e9 sera exclusivement consacr\u00e9 \u00e0 l&#8217;am\u00e9lioration de l&#8217;environnement des enfants hospitalis\u00e9s. https:\/\/www.paris-normandie.fr\/id345096\/article\/2022-09-25\/le-choeur-presto-chante-yvetot-pour-lassociation-rires-denfants-au-benefice-des","og_url":"https:\/\/riresdenfants-rouen.fr\/RE\/2022\/09\/26\/le-choeur-presto-chante-a-yvetot-pour-lassociation-rires-denfants-au-benefice-des-enfants-hospitalises\/","og_site_name":"Rires d&#039;enfants Rouen","article_publisher":"https:\/\/www.facebook.com\/Association-Rires-dEnfants-Rouen-211721688936602\/?view_public_for=211721688936602","article_published_time":"2022-09-26T18:11:12+00:00","article_modified_time":"2023-09-04T19:44:39+00:00","og_image":[{"width":426,"height":602,"url":"https:\/\/riresdenfants-rouen.fr\/RE\/wp-content\/uploads\/2022\/09\/concert-prog.jpeg","type":"image\/jpeg"}],"author":"Francoise","twitter_card":"summary_large_image","twitter_misc":{"\u00c9crit par":"Francoise","Dur\u00e9e de lecture estim\u00e9e":"1 minute"},"schema":{"@context":"https:\/\/schema.org","@graph":[{"@type":"Article","@id":"https:\/\/riresdenfants-rouen.fr\/RE\/2022\/09\/26\/le-choeur-presto-chante-a-yvetot-pour-lassociation-rires-denfants-au-benefice-des-enfants-hospitalises\/#article","isPartOf":{"@id":"https:\/\/riresdenfants-rouen.fr\/RE\/2022\/09\/26\/le-choeur-presto-chante-a-yvetot-pour-lassociation-rires-denfants-au-benefice-des-enfants-hospitalises\/"},"author":{"name":"Francoise","@id":"https:\/\/riresdenfants-rouen.fr\/RE\/#\/schema\/person\/218dfa3f2d0e889b1283f846fb28804c"},"headline":"Le ch\u0153ur Presto chante \u00e0 Yvetot pour l\u2019association Rires d\u2019enfants","datePublished":"2022-09-26T18:11:12+00:00","dateModified":"2023-09-04T19:44:39+00:00","mainEntityOfPage":{"@id":"https:\/\/riresdenfants-rouen.fr\/RE\/2022\/09\/26\/le-choeur-presto-chante-a-yvetot-pour-lassociation-rires-denfants-au-benefice-des-enfants-hospitalises\/"},"wordCount":63,"publisher":{"@id":"https:\/\/riresdenfants-rouen.fr\/RE\/#organization"},"articleSection":["Actualit\u00e9","bandeau"],"inLanguage":"fr-FR"},{"@type":"WebPage","@id":"https:\/\/riresdenfants-rouen.fr\/RE\/2022\/09\/26\/le-choeur-presto-chante-a-yvetot-pour-lassociation-rires-denfants-au-benefice-des-enfants-hospitalises\/","url":"https:\/\/riresdenfants-rouen.fr\/RE\/2022\/09\/26\/le-choeur-presto-chante-a-yvetot-pour-lassociation-rires-denfants-au-benefice-des-enfants-hospitalises\/","name":"Le ch\u0153ur Presto chante \u00e0 Yvetot pour l\u2019association Rires d\u2019enfants - Rires d&#039;enfants Rouen","isPartOf":{"@id":"https:\/\/riresdenfants-rouen.fr\/RE\/#website"},"datePublished":"2022-09-26T18:11:12+00:00","dateModified":"2023-09-04T19:44:39+00:00","breadcrumb":{"@id":"https:\/\/riresdenfants-rouen.fr\/RE\/2022\/09\/26\/le-choeur-presto-chante-a-yvetot-pour-lassociation-rires-denfants-au-benefice-des-enfants-hospitalises\/#breadcrumb"},"inLanguage":"fr-FR","potentialAction":[{"@type":"ReadAction","target":["https:\/\/riresdenfants-rouen.fr\/RE\/2022\/09\/26\/le-choeur-presto-chante-a-yvetot-pour-lassociation-rires-denfants-au-benefice-des-enfants-hospitalises\/"]}]},{"@type":"BreadcrumbList","@id":"https:\/\/riresdenfants-rouen.fr\/RE\/2022\/09\/26\/le-choeur-presto-chante-a-yvetot-pour-lassociation-rires-denfants-au-benefice-des-enfants-hospitalises\/#breadcrumb","itemListElement":[{"@type":"ListItem","position":1,"name":"Accueil","item":"https:\/\/riresdenfants-rouen.fr\/RE\/"},{"@type":"ListItem","position":2,"name":"Le ch\u0153ur Presto chante \u00e0 Yvetot pour l\u2019association Rires d\u2019enfants"}]},{"@type":"WebSite","@id":"https:\/\/riresdenfants-rouen.fr\/RE\/#website","url":"https:\/\/riresdenfants-rouen.fr\/RE\/","name":"Rires d&#039;enfants Rouen","description":"Rires d&#039;enfants intervient au CHU Rouen depuis plus de 40 ans pr\u00e8s des enfants malades avec 80 B\u00e9n\u00e9voles","publisher":{"@id":"https:\/\/riresdenfants-rouen.fr\/RE\/#organization"},"potentialAction":[{"@type":"SearchAction","target":{"@type":"EntryPoint","urlTemplate":"https:\/\/riresdenfants-rouen.fr\/RE\/?s={search_term_string}"},"query-input":"required name=search_term_string"}],"inLanguage":"fr-FR"},{"@type":"Organization","@id":"https:\/\/riresdenfants-rouen.fr\/RE\/#organization","name":"Rires d&#039;enfants Rouen","url":"https:\/\/riresdenfants-rouen.fr\/RE\/","logo":{"@type":"ImageObject","inLanguage":"fr-FR","@id":"https:\/\/riresdenfants-rouen.fr\/RE\/#\/schema\/logo\/image\/","url":"https:\/\/riresdenfants-rouen.fr\/RE\/wp-content\/uploads\/2020\/08\/cropped-cropped-rire_enfants_logo-e1504523736962-300x300-1-2.jpg","contentUrl":"https:\/\/riresdenfants-rouen.fr\/RE\/wp-content\/uploads\/2020\/08\/cropped-cropped-rire_enfants_logo-e1504523736962-300x300-1-2.jpg","width":248,"height":248,"caption":"Rires d&#039;enfants Rouen"},"image":{"@id":"https:\/\/riresdenfants-rouen.fr\/RE\/#\/schema\/logo\/image\/"},"sameAs":["https:\/\/www.facebook.com\/Association-Rires-dEnfants-Rouen-211721688936602\/?view_public_for=211721688936602"]},{"@type":"Person","@id":"https:\/\/riresdenfants-rouen.fr\/RE\/#\/schema\/person\/218dfa3f2d0e889b1283f846fb28804c","name":"Francoise","image":{"@type":"ImageObject","inLanguage":"fr-FR","@id":"https:\/\/riresdenfants-rouen.fr\/RE\/#\/schema\/person\/image\/","url":"https:\/\/secure.gravatar.com\/avatar\/ae30b793f3c3259367f955325487fd95?s=96&d=mm&r=g","contentUrl":"https:\/\/secure.gravatar.com\/avatar\/ae30b793f3c3259367f955325487fd95?s=96&d=mm&r=g","caption":"Francoise"},"url":"https:\/\/riresdenfants-rouen.fr\/RE\/author\/francoise\/"}]}},"_links":{"self":[{"href":"https:\/\/riresdenfants-rouen.fr\/RE\/wp-json\/wp\/v2\/posts\/600"}],"collection":[{"href":"https:\/\/riresdenfants-rouen.fr\/RE\/wp-json\/wp\/v2\/posts"}],"about":[{"href":"https:\/\/riresdenfants-rouen.fr\/RE\/wp-json\/wp\/v2\/types\/post"}],"author":[{"embeddable":true,"href":"https:\/\/riresdenfants-rouen.fr\/RE\/wp-json\/wp\/v2\/users\/1"}],"replies":[{"embeddable":true,"href":"https:\/\/riresdenfants-rouen.fr\/RE\/wp-json\/wp\/v2\/comments?post=600"}],"version-history":[{"count":7,"href":"https:\/\/riresdenfants-rouen.fr\/RE\/wp-json\/wp\/v2\/posts\/600\/revisions"}],"predecessor-version":[{"id":783,"href":"https:\/\/riresdenfants-rouen.fr\/RE\/wp-json\/wp\/v2\/posts\/600\/revisions\/783"}],"wp:featuredmedia":[{"embeddable":true,"href":"https:\/\/riresdenfants-rouen.fr\/RE\/wp-json\/wp\/v2\/media\/599"}],"wp:attachment":[{"href":"https:\/\/riresdenfants-rouen.fr\/RE\/wp-json\/wp\/v2\/media?parent=600"}],"wp:term":[{"taxonomy":"category","embeddable":true,"href":"https:\/\/riresdenfants-rouen.fr\/RE\/wp-json\/wp\/v2\/categories?post=600"},{"taxonomy":"post_tag","embeddable":true,"href":"https:\/\/riresdenfants-rouen.fr\/RE\/wp-json\/wp\/v2\/tags?post=600"}],"curies":[{"name":"wp","href":"https:\/\/api.w.org\/{rel}","templated":true}]}}