{"id":568,"date":"2022-09-16T11:16:13","date_gmt":"2022-09-16T09:16:13","guid":{"rendered":"https:\/\/riresdenfants-rouen.fr\/RE\/?p=568"},"modified":"2022-09-16T19:43:56","modified_gmt":"2022-09-16T17:43:56","slug":"concert-pour-rires-denfants-le-1er-octobre","status":"publish","type":"post","link":"https:\/\/riresdenfants-rouen.fr\/RE\/2022\/09\/16\/concert-pour-rires-denfants-le-1er-octobre\/","title":{"rendered":"Concert pour &#8220;Rires d&#8217;Enfants&#8221; le 1er octobre"},"content":{"rendered":"\n<figure class=\"wp-block-image size-large\"><img loading=\"lazy\" decoding=\"async\" width=\"736\" height=\"1024\" src=\"https:\/\/riresdenfants-rouen.fr\/RE\/wp-content\/uploads\/2022\/09\/68500705642__EB091B3E-3BCE-461D-9BA5-0E39B473CC96-736x1024.jpeg\" alt=\"\" class=\"wp-image-569\" srcset=\"https:\/\/riresdenfants-rouen.fr\/RE\/wp-content\/uploads\/2022\/09\/68500705642__EB091B3E-3BCE-461D-9BA5-0E39B473CC96-736x1024.jpeg 736w, https:\/\/riresdenfants-rouen.fr\/RE\/wp-content\/uploads\/2022\/09\/68500705642__EB091B3E-3BCE-461D-9BA5-0E39B473CC96-216x300.jpeg 216w, https:\/\/riresdenfants-rouen.fr\/RE\/wp-content\/uploads\/2022\/09\/68500705642__EB091B3E-3BCE-461D-9BA5-0E39B473CC96-768x1069.jpeg 768w, https:\/\/riresdenfants-rouen.fr\/RE\/wp-content\/uploads\/2022\/09\/68500705642__EB091B3E-3BCE-461D-9BA5-0E39B473CC96-1104x1536.jpeg 1104w, https:\/\/riresdenfants-rouen.fr\/RE\/wp-content\/uploads\/2022\/09\/68500705642__EB091B3E-3BCE-461D-9BA5-0E39B473CC96-1472x2048.jpeg 1472w, https:\/\/riresdenfants-rouen.fr\/RE\/wp-content\/uploads\/2022\/09\/68500705642__EB091B3E-3BCE-461D-9BA5-0E39B473CC96-scaled.jpeg 1840w\" sizes=\"(max-width: 736px) 100vw, 736px\" \/><\/figure>\n\n\n\n<p>Les trois clubs de service Kiwanis, Lions et Rotary s&#8217;associent pour organiser un concert en l&#8217;Eglise saint Pierre d&#8217;Yvetot samedi 1er octobre \u00e0 20h30.  Le saxophoniste Sandro Compagnon et La Ma\u00eetrise de Seine-Maritime se partagent l&#8217;affiche. <\/p>\n\n\n\n<p>Gr\u00e2ce \u00e0 ce concert  &#8220;Rires d&#8217;Enfants&#8221; va lancer un projet qui lui tient \u00e0 coeur, d\u00e9corer les chambres des enfants et les plafonds qui sont le seul horizon des petits patients alit\u00e9s. Assister \u00e0 ce concert offrira un cadre chaleureux et rassurant aux enfants hospitalis\u00e9s. <\/p>\n\n\n","protected":false},"excerpt":{"rendered":"<p>Les trois clubs de service Kiwanis, Lions et Rotary s&#8217;associent pour organiser un concert en l&#8217;Eglise saint Pierre d&#8217;Yvetot samedi 1er octobre \u00e0 20h30. Le saxophoniste Sandro Compagnon et La Ma\u00eetrise de Seine-Maritime se partagent l&#8217;affiche. Gr\u00e2ce \u00e0 ce concert &#8220;Rires d&#8217;Enfants&#8221; va lancer un projet qui lui tient \u00e0 coeur, d\u00e9corer les chambres des [&hellip;]<\/p>\n","protected":false},"author":1,"featured_media":0,"comment_status":"open","ping_status":"open","sticky":false,"template":"","format":"standard","meta":{"footnotes":""},"categories":[3,5],"tags":[],"yoast_head":"<!-- This site is optimized with the Yoast SEO plugin v21.1 - https:\/\/yoast.com\/wordpress\/plugins\/seo\/ -->\n<title>Concert pour &quot;Rires d&#039;Enfants&quot; le 1er octobre - Rires d&#039;enfants Rouen<\/title>\n<meta name=\"robots\" content=\"index, follow, max-snippet:-1, max-image-preview:large, max-video-preview:-1\" \/>\n<link rel=\"canonical\" href=\"https:\/\/riresdenfants-rouen.fr\/RE\/2022\/09\/16\/concert-pour-rires-denfants-le-1er-octobre\/\" \/>\n<meta property=\"og:locale\" content=\"fr_FR\" \/>\n<meta property=\"og:type\" content=\"article\" \/>\n<meta property=\"og:title\" content=\"Concert pour &quot;Rires d&#039;Enfants&quot; le 1er octobre - Rires d&#039;enfants Rouen\" \/>\n<meta property=\"og:description\" content=\"Les trois clubs de service Kiwanis, Lions et Rotary s&#8217;associent pour organiser un concert en l&#8217;Eglise saint Pierre d&#8217;Yvetot samedi 1er octobre \u00e0 20h30. Le saxophoniste Sandro Compagnon et La Ma\u00eetrise de Seine-Maritime se partagent l&#8217;affiche. Gr\u00e2ce \u00e0 ce concert &#8220;Rires d&#8217;Enfants&#8221; va lancer un projet qui lui tient \u00e0 coeur, d\u00e9corer les chambres des [&hellip;]\" \/>\n<meta property=\"og:url\" content=\"https:\/\/riresdenfants-rouen.fr\/RE\/2022\/09\/16\/concert-pour-rires-denfants-le-1er-octobre\/\" \/>\n<meta property=\"og:site_name\" content=\"Rires d&#039;enfants Rouen\" \/>\n<meta property=\"article:publisher\" content=\"https:\/\/www.facebook.com\/Association-Rires-dEnfants-Rouen-211721688936602\/?view_public_for=211721688936602\" \/>\n<meta property=\"article:published_time\" content=\"2022-09-16T09:16:13+00:00\" \/>\n<meta property=\"article:modified_time\" content=\"2022-09-16T17:43:56+00:00\" \/>\n<meta property=\"og:image\" content=\"https:\/\/riresdenfants-rouen.fr\/RE\/wp-content\/uploads\/2022\/09\/68500705642__EB091B3E-3BCE-461D-9BA5-0E39B473CC96-736x1024.jpeg\" \/>\n<meta name=\"author\" content=\"Francoise\" \/>\n<meta name=\"twitter:card\" content=\"summary_large_image\" \/>\n<meta name=\"twitter:label1\" content=\"\u00c9crit par\" \/>\n\t<meta name=\"twitter:data1\" content=\"Francoise\" \/>\n\t<meta name=\"twitter:label2\" content=\"Dur\u00e9e de lecture estim\u00e9e\" \/>\n\t<meta name=\"twitter:data2\" content=\"1 minute\" \/>\n<script type=\"application\/ld+json\" class=\"yoast-schema-graph\">{\"@context\":\"https:\/\/schema.org\",\"@graph\":[{\"@type\":\"Article\",\"@id\":\"https:\/\/riresdenfants-rouen.fr\/RE\/2022\/09\/16\/concert-pour-rires-denfants-le-1er-octobre\/#article\",\"isPartOf\":{\"@id\":\"https:\/\/riresdenfants-rouen.fr\/RE\/2022\/09\/16\/concert-pour-rires-denfants-le-1er-octobre\/\"},\"author\":{\"name\":\"Francoise\",\"@id\":\"https:\/\/riresdenfants-rouen.fr\/RE\/#\/schema\/person\/218dfa3f2d0e889b1283f846fb28804c\"},\"headline\":\"Concert pour &#8220;Rires d&#8217;Enfants&#8221; le 1er octobre\",\"datePublished\":\"2022-09-16T09:16:13+00:00\",\"dateModified\":\"2022-09-16T17:43:56+00:00\",\"mainEntityOfPage\":{\"@id\":\"https:\/\/riresdenfants-rouen.fr\/RE\/2022\/09\/16\/concert-pour-rires-denfants-le-1er-octobre\/\"},\"wordCount\":89,\"commentCount\":0,\"publisher\":{\"@id\":\"https:\/\/riresdenfants-rouen.fr\/RE\/#organization\"},\"articleSection\":[\"Actualit\u00e9\",\"bandeau\"],\"inLanguage\":\"fr-FR\",\"potentialAction\":[{\"@type\":\"CommentAction\",\"name\":\"Comment\",\"target\":[\"https:\/\/riresdenfants-rouen.fr\/RE\/2022\/09\/16\/concert-pour-rires-denfants-le-1er-octobre\/#respond\"]}]},{\"@type\":\"WebPage\",\"@id\":\"https:\/\/riresdenfants-rouen.fr\/RE\/2022\/09\/16\/concert-pour-rires-denfants-le-1er-octobre\/\",\"url\":\"https:\/\/riresdenfants-rouen.fr\/RE\/2022\/09\/16\/concert-pour-rires-denfants-le-1er-octobre\/\",\"name\":\"Concert pour \\\"Rires d'Enfants\\\" le 1er octobre - Rires d&#039;enfants Rouen\",\"isPartOf\":{\"@id\":\"https:\/\/riresdenfants-rouen.fr\/RE\/#website\"},\"datePublished\":\"2022-09-16T09:16:13+00:00\",\"dateModified\":\"2022-09-16T17:43:56+00:00\",\"breadcrumb\":{\"@id\":\"https:\/\/riresdenfants-rouen.fr\/RE\/2022\/09\/16\/concert-pour-rires-denfants-le-1er-octobre\/#breadcrumb\"},\"inLanguage\":\"fr-FR\",\"potentialAction\":[{\"@type\":\"ReadAction\",\"target\":[\"https:\/\/riresdenfants-rouen.fr\/RE\/2022\/09\/16\/concert-pour-rires-denfants-le-1er-octobre\/\"]}]},{\"@type\":\"BreadcrumbList\",\"@id\":\"https:\/\/riresdenfants-rouen.fr\/RE\/2022\/09\/16\/concert-pour-rires-denfants-le-1er-octobre\/#breadcrumb\",\"itemListElement\":[{\"@type\":\"ListItem\",\"position\":1,\"name\":\"Accueil\",\"item\":\"https:\/\/riresdenfants-rouen.fr\/RE\/\"},{\"@type\":\"ListItem\",\"position\":2,\"name\":\"Concert pour &#8220;Rires d&#8217;Enfants&#8221; le 1er octobre\"}]},{\"@type\":\"WebSite\",\"@id\":\"https:\/\/riresdenfants-rouen.fr\/RE\/#website\",\"url\":\"https:\/\/riresdenfants-rouen.fr\/RE\/\",\"name\":\"Rires d&#039;enfants Rouen\",\"description\":\"Rires d&#039;enfants intervient au CHU Rouen depuis plus de 40 ans pr\u00e8s des enfants malades avec 80 B\u00e9n\u00e9voles\",\"publisher\":{\"@id\":\"https:\/\/riresdenfants-rouen.fr\/RE\/#organization\"},\"potentialAction\":[{\"@type\":\"SearchAction\",\"target\":{\"@type\":\"EntryPoint\",\"urlTemplate\":\"https:\/\/riresdenfants-rouen.fr\/RE\/?s={search_term_string}\"},\"query-input\":\"required name=search_term_string\"}],\"inLanguage\":\"fr-FR\"},{\"@type\":\"Organization\",\"@id\":\"https:\/\/riresdenfants-rouen.fr\/RE\/#organization\",\"name\":\"Rires d&#039;enfants Rouen\",\"url\":\"https:\/\/riresdenfants-rouen.fr\/RE\/\",\"logo\":{\"@type\":\"ImageObject\",\"inLanguage\":\"fr-FR\",\"@id\":\"https:\/\/riresdenfants-rouen.fr\/RE\/#\/schema\/logo\/image\/\",\"url\":\"https:\/\/riresdenfants-rouen.fr\/RE\/wp-content\/uploads\/2020\/08\/cropped-cropped-rire_enfants_logo-e1504523736962-300x300-1-2.jpg\",\"contentUrl\":\"https:\/\/riresdenfants-rouen.fr\/RE\/wp-content\/uploads\/2020\/08\/cropped-cropped-rire_enfants_logo-e1504523736962-300x300-1-2.jpg\",\"width\":248,\"height\":248,\"caption\":\"Rires d&#039;enfants Rouen\"},\"image\":{\"@id\":\"https:\/\/riresdenfants-rouen.fr\/RE\/#\/schema\/logo\/image\/\"},\"sameAs\":[\"https:\/\/www.facebook.com\/Association-Rires-dEnfants-Rouen-211721688936602\/?view_public_for=211721688936602\"]},{\"@type\":\"Person\",\"@id\":\"https:\/\/riresdenfants-rouen.fr\/RE\/#\/schema\/person\/218dfa3f2d0e889b1283f846fb28804c\",\"name\":\"Francoise\",\"image\":{\"@type\":\"ImageObject\",\"inLanguage\":\"fr-FR\",\"@id\":\"https:\/\/riresdenfants-rouen.fr\/RE\/#\/schema\/person\/image\/\",\"url\":\"https:\/\/secure.gravatar.com\/avatar\/ae30b793f3c3259367f955325487fd95?s=96&d=mm&r=g\",\"contentUrl\":\"https:\/\/secure.gravatar.com\/avatar\/ae30b793f3c3259367f955325487fd95?s=96&d=mm&r=g\",\"caption\":\"Francoise\"},\"url\":\"https:\/\/riresdenfants-rouen.fr\/RE\/author\/francoise\/\"}]}<\/script>\n<!-- \/ Yoast SEO plugin. -->","yoast_head_json":{"title":"Concert pour \"Rires d'Enfants\" le 1er octobre - Rires d&#039;enfants Rouen","robots":{"index":"index","follow":"follow","max-snippet":"max-snippet:-1","max-image-preview":"max-image-preview:large","max-video-preview":"max-video-preview:-1"},"canonical":"https:\/\/riresdenfants-rouen.fr\/RE\/2022\/09\/16\/concert-pour-rires-denfants-le-1er-octobre\/","og_locale":"fr_FR","og_type":"article","og_title":"Concert pour \"Rires d'Enfants\" le 1er octobre - Rires d&#039;enfants Rouen","og_description":"Les trois clubs de service Kiwanis, Lions et Rotary s&#8217;associent pour organiser un concert en l&#8217;Eglise saint Pierre d&#8217;Yvetot samedi 1er octobre \u00e0 20h30. Le saxophoniste Sandro Compagnon et La Ma\u00eetrise de Seine-Maritime se partagent l&#8217;affiche. Gr\u00e2ce \u00e0 ce concert &#8220;Rires d&#8217;Enfants&#8221; va lancer un projet qui lui tient \u00e0 coeur, d\u00e9corer les chambres des [&hellip;]","og_url":"https:\/\/riresdenfants-rouen.fr\/RE\/2022\/09\/16\/concert-pour-rires-denfants-le-1er-octobre\/","og_site_name":"Rires d&#039;enfants Rouen","article_publisher":"https:\/\/www.facebook.com\/Association-Rires-dEnfants-Rouen-211721688936602\/?view_public_for=211721688936602","article_published_time":"2022-09-16T09:16:13+00:00","article_modified_time":"2022-09-16T17:43:56+00:00","og_image":[{"url":"https:\/\/riresdenfants-rouen.fr\/RE\/wp-content\/uploads\/2022\/09\/68500705642__EB091B3E-3BCE-461D-9BA5-0E39B473CC96-736x1024.jpeg"}],"author":"Francoise","twitter_card":"summary_large_image","twitter_misc":{"\u00c9crit par":"Francoise","Dur\u00e9e de lecture estim\u00e9e":"1 minute"},"schema":{"@context":"https:\/\/schema.org","@graph":[{"@type":"Article","@id":"https:\/\/riresdenfants-rouen.fr\/RE\/2022\/09\/16\/concert-pour-rires-denfants-le-1er-octobre\/#article","isPartOf":{"@id":"https:\/\/riresdenfants-rouen.fr\/RE\/2022\/09\/16\/concert-pour-rires-denfants-le-1er-octobre\/"},"author":{"name":"Francoise","@id":"https:\/\/riresdenfants-rouen.fr\/RE\/#\/schema\/person\/218dfa3f2d0e889b1283f846fb28804c"},"headline":"Concert pour &#8220;Rires d&#8217;Enfants&#8221; le 1er octobre","datePublished":"2022-09-16T09:16:13+00:00","dateModified":"2022-09-16T17:43:56+00:00","mainEntityOfPage":{"@id":"https:\/\/riresdenfants-rouen.fr\/RE\/2022\/09\/16\/concert-pour-rires-denfants-le-1er-octobre\/"},"wordCount":89,"commentCount":0,"publisher":{"@id":"https:\/\/riresdenfants-rouen.fr\/RE\/#organization"},"articleSection":["Actualit\u00e9","bandeau"],"inLanguage":"fr-FR","potentialAction":[{"@type":"CommentAction","name":"Comment","target":["https:\/\/riresdenfants-rouen.fr\/RE\/2022\/09\/16\/concert-pour-rires-denfants-le-1er-octobre\/#respond"]}]},{"@type":"WebPage","@id":"https:\/\/riresdenfants-rouen.fr\/RE\/2022\/09\/16\/concert-pour-rires-denfants-le-1er-octobre\/","url":"https:\/\/riresdenfants-rouen.fr\/RE\/2022\/09\/16\/concert-pour-rires-denfants-le-1er-octobre\/","name":"Concert pour \"Rires d'Enfants\" le 1er octobre - Rires d&#039;enfants Rouen","isPartOf":{"@id":"https:\/\/riresdenfants-rouen.fr\/RE\/#website"},"datePublished":"2022-09-16T09:16:13+00:00","dateModified":"2022-09-16T17:43:56+00:00","breadcrumb":{"@id":"https:\/\/riresdenfants-rouen.fr\/RE\/2022\/09\/16\/concert-pour-rires-denfants-le-1er-octobre\/#breadcrumb"},"inLanguage":"fr-FR","potentialAction":[{"@type":"ReadAction","target":["https:\/\/riresdenfants-rouen.fr\/RE\/2022\/09\/16\/concert-pour-rires-denfants-le-1er-octobre\/"]}]},{"@type":"BreadcrumbList","@id":"https:\/\/riresdenfants-rouen.fr\/RE\/2022\/09\/16\/concert-pour-rires-denfants-le-1er-octobre\/#breadcrumb","itemListElement":[{"@type":"ListItem","position":1,"name":"Accueil","item":"https:\/\/riresdenfants-rouen.fr\/RE\/"},{"@type":"ListItem","position":2,"name":"Concert pour &#8220;Rires d&#8217;Enfants&#8221; le 1er octobre"}]},{"@type":"WebSite","@id":"https:\/\/riresdenfants-rouen.fr\/RE\/#website","url":"https:\/\/riresdenfants-rouen.fr\/RE\/","name":"Rires d&#039;enfants Rouen","description":"Rires d&#039;enfants intervient au CHU Rouen depuis plus de 40 ans pr\u00e8s des enfants malades avec 80 B\u00e9n\u00e9voles","publisher":{"@id":"https:\/\/riresdenfants-rouen.fr\/RE\/#organization"},"potentialAction":[{"@type":"SearchAction","target":{"@type":"EntryPoint","urlTemplate":"https:\/\/riresdenfants-rouen.fr\/RE\/?s={search_term_string}"},"query-input":"required name=search_term_string"}],"inLanguage":"fr-FR"},{"@type":"Organization","@id":"https:\/\/riresdenfants-rouen.fr\/RE\/#organization","name":"Rires d&#039;enfants Rouen","url":"https:\/\/riresdenfants-rouen.fr\/RE\/","logo":{"@type":"ImageObject","inLanguage":"fr-FR","@id":"https:\/\/riresdenfants-rouen.fr\/RE\/#\/schema\/logo\/image\/","url":"https:\/\/riresdenfants-rouen.fr\/RE\/wp-content\/uploads\/2020\/08\/cropped-cropped-rire_enfants_logo-e1504523736962-300x300-1-2.jpg","contentUrl":"https:\/\/riresdenfants-rouen.fr\/RE\/wp-content\/uploads\/2020\/08\/cropped-cropped-rire_enfants_logo-e1504523736962-300x300-1-2.jpg","width":248,"height":248,"caption":"Rires d&#039;enfants Rouen"},"image":{"@id":"https:\/\/riresdenfants-rouen.fr\/RE\/#\/schema\/logo\/image\/"},"sameAs":["https:\/\/www.facebook.com\/Association-Rires-dEnfants-Rouen-211721688936602\/?view_public_for=211721688936602"]},{"@type":"Person","@id":"https:\/\/riresdenfants-rouen.fr\/RE\/#\/schema\/person\/218dfa3f2d0e889b1283f846fb28804c","name":"Francoise","image":{"@type":"ImageObject","inLanguage":"fr-FR","@id":"https:\/\/riresdenfants-rouen.fr\/RE\/#\/schema\/person\/image\/","url":"https:\/\/secure.gravatar.com\/avatar\/ae30b793f3c3259367f955325487fd95?s=96&d=mm&r=g","contentUrl":"https:\/\/secure.gravatar.com\/avatar\/ae30b793f3c3259367f955325487fd95?s=96&d=mm&r=g","caption":"Francoise"},"url":"https:\/\/riresdenfants-rouen.fr\/RE\/author\/francoise\/"}]}},"_links":{"self":[{"href":"https:\/\/riresdenfants-rouen.fr\/RE\/wp-json\/wp\/v2\/posts\/568"}],"collection":[{"href":"https:\/\/riresdenfants-rouen.fr\/RE\/wp-json\/wp\/v2\/posts"}],"about":[{"href":"https:\/\/riresdenfants-rouen.fr\/RE\/wp-json\/wp\/v2\/types\/post"}],"author":[{"embeddable":true,"href":"https:\/\/riresdenfants-rouen.fr\/RE\/wp-json\/wp\/v2\/users\/1"}],"replies":[{"embeddable":true,"href":"https:\/\/riresdenfants-rouen.fr\/RE\/wp-json\/wp\/v2\/comments?post=568"}],"version-history":[{"count":13,"href":"https:\/\/riresdenfants-rouen.fr\/RE\/wp-json\/wp\/v2\/posts\/568\/revisions"}],"predecessor-version":[{"id":582,"href":"https:\/\/riresdenfants-rouen.fr\/RE\/wp-json\/wp\/v2\/posts\/568\/revisions\/582"}],"wp:attachment":[{"href":"https:\/\/riresdenfants-rouen.fr\/RE\/wp-json\/wp\/v2\/media?parent=568"}],"wp:term":[{"taxonomy":"category","embeddable":true,"href":"https:\/\/riresdenfants-rouen.fr\/RE\/wp-json\/wp\/v2\/categories?post=568"},{"taxonomy":"post_tag","embeddable":true,"href":"https:\/\/riresdenfants-rouen.fr\/RE\/wp-json\/wp\/v2\/tags?post=568"}],"curies":[{"name":"wp","href":"https:\/\/api.w.org\/{rel}","templated":true}]}}