{"id":489,"date":"2022-01-26T18:35:05","date_gmt":"2022-01-26T17:35:05","guid":{"rendered":"https:\/\/riresdenfants-rouen.fr\/RE\/?p=489"},"modified":"2022-01-26T18:35:06","modified_gmt":"2022-01-26T17:35:06","slug":"un-samedi-clownesque","status":"publish","type":"post","link":"https:\/\/riresdenfants-rouen.fr\/RE\/2022\/01\/26\/un-samedi-clownesque\/","title":{"rendered":"Un samedi clownesque"},"content":{"rendered":"\n<figure class=\"wp-block-image size-large\"><img loading=\"lazy\" decoding=\"async\" width=\"768\" height=\"1024\" src=\"https:\/\/riresdenfants-rouen.fr\/RE\/wp-content\/uploads\/2022\/01\/clownettes-220122-768x1024.jpg\" alt=\"\" class=\"wp-image-493\" srcset=\"https:\/\/riresdenfants-rouen.fr\/RE\/wp-content\/uploads\/2022\/01\/clownettes-220122-768x1024.jpg 768w, https:\/\/riresdenfants-rouen.fr\/RE\/wp-content\/uploads\/2022\/01\/clownettes-220122-225x300.jpg 225w, https:\/\/riresdenfants-rouen.fr\/RE\/wp-content\/uploads\/2022\/01\/clownettes-220122.jpg 1080w\" sizes=\"(max-width: 768px) 100vw, 768px\" \/><\/figure>\n\n\n\n<p>Ce samedi matin, 4 dr\u00f4les de dames sont venues amuser les enfants hospitalis\u00e9s\u2026. m\u00eame le m\u00e9decin est content. <\/p>\n\n\n\n<figure class=\"wp-block-image size-large\"><img loading=\"lazy\" decoding=\"async\" width=\"768\" height=\"1024\" src=\"https:\/\/riresdenfants-rouen.fr\/RE\/wp-content\/uploads\/2022\/01\/clownettes-0122-2-768x1024.jpg\" alt=\"\" class=\"wp-image-492\" srcset=\"https:\/\/riresdenfants-rouen.fr\/RE\/wp-content\/uploads\/2022\/01\/clownettes-0122-2-768x1024.jpg 768w, https:\/\/riresdenfants-rouen.fr\/RE\/wp-content\/uploads\/2022\/01\/clownettes-0122-2-225x300.jpg 225w, https:\/\/riresdenfants-rouen.fr\/RE\/wp-content\/uploads\/2022\/01\/clownettes-0122-2.jpg 1080w\" sizes=\"(max-width: 768px) 100vw, 768px\" \/><figcaption>Elles en ont m\u00eame profit\u00e9 pour offrir un cadeau \u00e0 chaque enfant. <\/figcaption><\/figure>\n\n\n\n<p><\/p>\n\n\n\n<figure class=\"wp-block-image size-large\"><img loading=\"lazy\" decoding=\"async\" width=\"768\" height=\"1024\" src=\"https:\/\/riresdenfants-rouen.fr\/RE\/wp-content\/uploads\/2022\/01\/cadeaux-sotteville-768x1024.jpg\" alt=\"\" class=\"wp-image-494\" srcset=\"https:\/\/riresdenfants-rouen.fr\/RE\/wp-content\/uploads\/2022\/01\/cadeaux-sotteville-768x1024.jpg 768w, https:\/\/riresdenfants-rouen.fr\/RE\/wp-content\/uploads\/2022\/01\/cadeaux-sotteville-225x300.jpg 225w, https:\/\/riresdenfants-rouen.fr\/RE\/wp-content\/uploads\/2022\/01\/cadeaux-sotteville-1152x1536.jpg 1152w, https:\/\/riresdenfants-rouen.fr\/RE\/wp-content\/uploads\/2022\/01\/cadeaux-sotteville-1536x2048.jpg 1536w, https:\/\/riresdenfants-rouen.fr\/RE\/wp-content\/uploads\/2022\/01\/cadeaux-sotteville-scaled.jpg 1920w\" sizes=\"(max-width: 768px) 100vw, 768px\" \/><figcaption>De tr\u00e8s jolis cadres, sacs color\u00e9s , porte-cl\u00e9s , des bougies \u2026.. tant de superbes cadeaux confectionn\u00e9s par les jeunes de City vacances de Sotteville les Rouen pendant les vacances de No\u00ebl.  Avec ce beau projet ils ont voulu transmettre tout leur courage et leur force aux enfants malades.  Merci \u00e0 eux! <\/figcaption><\/figure>\n\n\n\n<p><\/p>\n\n\n\n<p><\/p>\n\n\n\n<figure class=\"wp-block-image size-large\"><img loading=\"lazy\" decoding=\"async\" width=\"768\" height=\"1024\" src=\"https:\/\/riresdenfants-rouen.fr\/RE\/wp-content\/uploads\/2022\/01\/clownettes-01-22-4-768x1024.jpg\" alt=\"\" class=\"wp-image-490\" srcset=\"https:\/\/riresdenfants-rouen.fr\/RE\/wp-content\/uploads\/2022\/01\/clownettes-01-22-4-768x1024.jpg 768w, https:\/\/riresdenfants-rouen.fr\/RE\/wp-content\/uploads\/2022\/01\/clownettes-01-22-4-225x300.jpg 225w, https:\/\/riresdenfants-rouen.fr\/RE\/wp-content\/uploads\/2022\/01\/clownettes-01-22-4-1152x1536.jpg 1152w, https:\/\/riresdenfants-rouen.fr\/RE\/wp-content\/uploads\/2022\/01\/clownettes-01-22-4-1536x2048.jpg 1536w, https:\/\/riresdenfants-rouen.fr\/RE\/wp-content\/uploads\/2022\/01\/clownettes-01-22-4-scaled.jpg 1920w\" sizes=\"(max-width: 768px) 100vw, 768px\" \/><figcaption>Boudou et Z&#8217;abeille jouent avec les petits enfants<\/figcaption><\/figure>\n\n\n\n<figure class=\"wp-block-image size-large\"><img loading=\"lazy\" decoding=\"async\" width=\"768\" height=\"1024\" src=\"https:\/\/riresdenfants-rouen.fr\/RE\/wp-content\/uploads\/2022\/01\/clownettes-01-22-3-768x1024.jpg\" alt=\"\" class=\"wp-image-491\" srcset=\"https:\/\/riresdenfants-rouen.fr\/RE\/wp-content\/uploads\/2022\/01\/clownettes-01-22-3-768x1024.jpg 768w, https:\/\/riresdenfants-rouen.fr\/RE\/wp-content\/uploads\/2022\/01\/clownettes-01-22-3-225x300.jpg 225w, https:\/\/riresdenfants-rouen.fr\/RE\/wp-content\/uploads\/2022\/01\/clownettes-01-22-3.jpg 1080w\" sizes=\"(max-width: 768px) 100vw, 768px\" \/><figcaption>Pendant que Didine et Pou\u00ebt Pou\u00ebt jouent \u00e0 123 soleil avec un plus grand! <\/figcaption><\/figure>\n\n\n\n<p>Une matin\u00e9e tr\u00e8s joyeuse en compagnie des 4 clownettes. <\/p>\n\n\n\n<p><\/p>\n","protected":false},"excerpt":{"rendered":"<p>Ce samedi matin, 4 dr\u00f4les de dames sont venues amuser les enfants hospitalis\u00e9s\u2026. m\u00eame le m\u00e9decin est content. Une matin\u00e9e tr\u00e8s joyeuse en compagnie des 4 clownettes.<\/p>\n","protected":false},"author":1,"featured_media":493,"comment_status":"open","ping_status":"open","sticky":false,"template":"","format":"standard","meta":{"footnotes":""},"categories":[3,5],"tags":[],"yoast_head":"<!-- This site is optimized with the Yoast SEO plugin v21.1 - https:\/\/yoast.com\/wordpress\/plugins\/seo\/ -->\n<title>Un samedi clownesque - Rires d&#039;enfants Rouen<\/title>\n<meta name=\"robots\" content=\"index, follow, max-snippet:-1, max-image-preview:large, max-video-preview:-1\" \/>\n<link rel=\"canonical\" href=\"https:\/\/riresdenfants-rouen.fr\/RE\/2022\/01\/26\/un-samedi-clownesque\/\" \/>\n<meta property=\"og:locale\" content=\"fr_FR\" \/>\n<meta property=\"og:type\" content=\"article\" \/>\n<meta property=\"og:title\" content=\"Un samedi clownesque - Rires d&#039;enfants Rouen\" \/>\n<meta property=\"og:description\" content=\"Ce samedi matin, 4 dr\u00f4les de dames sont venues amuser les enfants hospitalis\u00e9s\u2026. m\u00eame le m\u00e9decin est content. Une matin\u00e9e tr\u00e8s joyeuse en compagnie des 4 clownettes.\" \/>\n<meta property=\"og:url\" content=\"https:\/\/riresdenfants-rouen.fr\/RE\/2022\/01\/26\/un-samedi-clownesque\/\" \/>\n<meta property=\"og:site_name\" content=\"Rires d&#039;enfants Rouen\" \/>\n<meta property=\"article:publisher\" content=\"https:\/\/www.facebook.com\/Association-Rires-dEnfants-Rouen-211721688936602\/?view_public_for=211721688936602\" \/>\n<meta property=\"article:published_time\" content=\"2022-01-26T17:35:05+00:00\" \/>\n<meta property=\"article:modified_time\" content=\"2022-01-26T17:35:06+00:00\" \/>\n<meta property=\"og:image\" content=\"https:\/\/riresdenfants-rouen.fr\/RE\/wp-content\/uploads\/2022\/01\/clownettes-220122.jpg\" \/>\n\t<meta property=\"og:image:width\" content=\"1080\" \/>\n\t<meta property=\"og:image:height\" content=\"1440\" \/>\n\t<meta property=\"og:image:type\" content=\"image\/jpeg\" \/>\n<meta name=\"author\" content=\"Francoise\" \/>\n<meta name=\"twitter:card\" content=\"summary_large_image\" \/>\n<meta name=\"twitter:label1\" content=\"\u00c9crit par\" \/>\n\t<meta name=\"twitter:data1\" content=\"Francoise\" \/>\n\t<meta name=\"twitter:label2\" content=\"Dur\u00e9e de lecture estim\u00e9e\" \/>\n\t<meta name=\"twitter:data2\" content=\"2 minutes\" \/>\n<script type=\"application\/ld+json\" class=\"yoast-schema-graph\">{\"@context\":\"https:\/\/schema.org\",\"@graph\":[{\"@type\":\"Article\",\"@id\":\"https:\/\/riresdenfants-rouen.fr\/RE\/2022\/01\/26\/un-samedi-clownesque\/#article\",\"isPartOf\":{\"@id\":\"https:\/\/riresdenfants-rouen.fr\/RE\/2022\/01\/26\/un-samedi-clownesque\/\"},\"author\":{\"name\":\"Francoise\",\"@id\":\"https:\/\/riresdenfants-rouen.fr\/RE\/#\/schema\/person\/218dfa3f2d0e889b1283f846fb28804c\"},\"headline\":\"Un samedi clownesque\",\"datePublished\":\"2022-01-26T17:35:05+00:00\",\"dateModified\":\"2022-01-26T17:35:06+00:00\",\"mainEntityOfPage\":{\"@id\":\"https:\/\/riresdenfants-rouen.fr\/RE\/2022\/01\/26\/un-samedi-clownesque\/\"},\"wordCount\":121,\"commentCount\":0,\"publisher\":{\"@id\":\"https:\/\/riresdenfants-rouen.fr\/RE\/#organization\"},\"articleSection\":[\"Actualit\u00e9\",\"bandeau\"],\"inLanguage\":\"fr-FR\",\"potentialAction\":[{\"@type\":\"CommentAction\",\"name\":\"Comment\",\"target\":[\"https:\/\/riresdenfants-rouen.fr\/RE\/2022\/01\/26\/un-samedi-clownesque\/#respond\"]}]},{\"@type\":\"WebPage\",\"@id\":\"https:\/\/riresdenfants-rouen.fr\/RE\/2022\/01\/26\/un-samedi-clownesque\/\",\"url\":\"https:\/\/riresdenfants-rouen.fr\/RE\/2022\/01\/26\/un-samedi-clownesque\/\",\"name\":\"Un samedi clownesque - Rires d&#039;enfants Rouen\",\"isPartOf\":{\"@id\":\"https:\/\/riresdenfants-rouen.fr\/RE\/#website\"},\"datePublished\":\"2022-01-26T17:35:05+00:00\",\"dateModified\":\"2022-01-26T17:35:06+00:00\",\"breadcrumb\":{\"@id\":\"https:\/\/riresdenfants-rouen.fr\/RE\/2022\/01\/26\/un-samedi-clownesque\/#breadcrumb\"},\"inLanguage\":\"fr-FR\",\"potentialAction\":[{\"@type\":\"ReadAction\",\"target\":[\"https:\/\/riresdenfants-rouen.fr\/RE\/2022\/01\/26\/un-samedi-clownesque\/\"]}]},{\"@type\":\"BreadcrumbList\",\"@id\":\"https:\/\/riresdenfants-rouen.fr\/RE\/2022\/01\/26\/un-samedi-clownesque\/#breadcrumb\",\"itemListElement\":[{\"@type\":\"ListItem\",\"position\":1,\"name\":\"Accueil\",\"item\":\"https:\/\/riresdenfants-rouen.fr\/RE\/\"},{\"@type\":\"ListItem\",\"position\":2,\"name\":\"Un samedi clownesque\"}]},{\"@type\":\"WebSite\",\"@id\":\"https:\/\/riresdenfants-rouen.fr\/RE\/#website\",\"url\":\"https:\/\/riresdenfants-rouen.fr\/RE\/\",\"name\":\"Rires d&#039;enfants Rouen\",\"description\":\"Rires d&#039;enfants intervient au CHU Rouen depuis plus de 40 ans pr\u00e8s des enfants malades avec 80 B\u00e9n\u00e9voles\",\"publisher\":{\"@id\":\"https:\/\/riresdenfants-rouen.fr\/RE\/#organization\"},\"potentialAction\":[{\"@type\":\"SearchAction\",\"target\":{\"@type\":\"EntryPoint\",\"urlTemplate\":\"https:\/\/riresdenfants-rouen.fr\/RE\/?s={search_term_string}\"},\"query-input\":\"required name=search_term_string\"}],\"inLanguage\":\"fr-FR\"},{\"@type\":\"Organization\",\"@id\":\"https:\/\/riresdenfants-rouen.fr\/RE\/#organization\",\"name\":\"Rires d&#039;enfants Rouen\",\"url\":\"https:\/\/riresdenfants-rouen.fr\/RE\/\",\"logo\":{\"@type\":\"ImageObject\",\"inLanguage\":\"fr-FR\",\"@id\":\"https:\/\/riresdenfants-rouen.fr\/RE\/#\/schema\/logo\/image\/\",\"url\":\"https:\/\/riresdenfants-rouen.fr\/RE\/wp-content\/uploads\/2020\/08\/cropped-cropped-rire_enfants_logo-e1504523736962-300x300-1-2.jpg\",\"contentUrl\":\"https:\/\/riresdenfants-rouen.fr\/RE\/wp-content\/uploads\/2020\/08\/cropped-cropped-rire_enfants_logo-e1504523736962-300x300-1-2.jpg\",\"width\":248,\"height\":248,\"caption\":\"Rires d&#039;enfants Rouen\"},\"image\":{\"@id\":\"https:\/\/riresdenfants-rouen.fr\/RE\/#\/schema\/logo\/image\/\"},\"sameAs\":[\"https:\/\/www.facebook.com\/Association-Rires-dEnfants-Rouen-211721688936602\/?view_public_for=211721688936602\"]},{\"@type\":\"Person\",\"@id\":\"https:\/\/riresdenfants-rouen.fr\/RE\/#\/schema\/person\/218dfa3f2d0e889b1283f846fb28804c\",\"name\":\"Francoise\",\"image\":{\"@type\":\"ImageObject\",\"inLanguage\":\"fr-FR\",\"@id\":\"https:\/\/riresdenfants-rouen.fr\/RE\/#\/schema\/person\/image\/\",\"url\":\"https:\/\/secure.gravatar.com\/avatar\/ae30b793f3c3259367f955325487fd95?s=96&d=mm&r=g\",\"contentUrl\":\"https:\/\/secure.gravatar.com\/avatar\/ae30b793f3c3259367f955325487fd95?s=96&d=mm&r=g\",\"caption\":\"Francoise\"},\"url\":\"https:\/\/riresdenfants-rouen.fr\/RE\/author\/francoise\/\"}]}<\/script>\n<!-- \/ Yoast SEO plugin. -->","yoast_head_json":{"title":"Un samedi clownesque - Rires d&#039;enfants Rouen","robots":{"index":"index","follow":"follow","max-snippet":"max-snippet:-1","max-image-preview":"max-image-preview:large","max-video-preview":"max-video-preview:-1"},"canonical":"https:\/\/riresdenfants-rouen.fr\/RE\/2022\/01\/26\/un-samedi-clownesque\/","og_locale":"fr_FR","og_type":"article","og_title":"Un samedi clownesque - Rires d&#039;enfants Rouen","og_description":"Ce samedi matin, 4 dr\u00f4les de dames sont venues amuser les enfants hospitalis\u00e9s\u2026. m\u00eame le m\u00e9decin est content. Une matin\u00e9e tr\u00e8s joyeuse en compagnie des 4 clownettes.","og_url":"https:\/\/riresdenfants-rouen.fr\/RE\/2022\/01\/26\/un-samedi-clownesque\/","og_site_name":"Rires d&#039;enfants Rouen","article_publisher":"https:\/\/www.facebook.com\/Association-Rires-dEnfants-Rouen-211721688936602\/?view_public_for=211721688936602","article_published_time":"2022-01-26T17:35:05+00:00","article_modified_time":"2022-01-26T17:35:06+00:00","og_image":[{"width":1080,"height":1440,"url":"https:\/\/riresdenfants-rouen.fr\/RE\/wp-content\/uploads\/2022\/01\/clownettes-220122.jpg","type":"image\/jpeg"}],"author":"Francoise","twitter_card":"summary_large_image","twitter_misc":{"\u00c9crit par":"Francoise","Dur\u00e9e de lecture estim\u00e9e":"2 minutes"},"schema":{"@context":"https:\/\/schema.org","@graph":[{"@type":"Article","@id":"https:\/\/riresdenfants-rouen.fr\/RE\/2022\/01\/26\/un-samedi-clownesque\/#article","isPartOf":{"@id":"https:\/\/riresdenfants-rouen.fr\/RE\/2022\/01\/26\/un-samedi-clownesque\/"},"author":{"name":"Francoise","@id":"https:\/\/riresdenfants-rouen.fr\/RE\/#\/schema\/person\/218dfa3f2d0e889b1283f846fb28804c"},"headline":"Un samedi clownesque","datePublished":"2022-01-26T17:35:05+00:00","dateModified":"2022-01-26T17:35:06+00:00","mainEntityOfPage":{"@id":"https:\/\/riresdenfants-rouen.fr\/RE\/2022\/01\/26\/un-samedi-clownesque\/"},"wordCount":121,"commentCount":0,"publisher":{"@id":"https:\/\/riresdenfants-rouen.fr\/RE\/#organization"},"articleSection":["Actualit\u00e9","bandeau"],"inLanguage":"fr-FR","potentialAction":[{"@type":"CommentAction","name":"Comment","target":["https:\/\/riresdenfants-rouen.fr\/RE\/2022\/01\/26\/un-samedi-clownesque\/#respond"]}]},{"@type":"WebPage","@id":"https:\/\/riresdenfants-rouen.fr\/RE\/2022\/01\/26\/un-samedi-clownesque\/","url":"https:\/\/riresdenfants-rouen.fr\/RE\/2022\/01\/26\/un-samedi-clownesque\/","name":"Un samedi clownesque - Rires d&#039;enfants Rouen","isPartOf":{"@id":"https:\/\/riresdenfants-rouen.fr\/RE\/#website"},"datePublished":"2022-01-26T17:35:05+00:00","dateModified":"2022-01-26T17:35:06+00:00","breadcrumb":{"@id":"https:\/\/riresdenfants-rouen.fr\/RE\/2022\/01\/26\/un-samedi-clownesque\/#breadcrumb"},"inLanguage":"fr-FR","potentialAction":[{"@type":"ReadAction","target":["https:\/\/riresdenfants-rouen.fr\/RE\/2022\/01\/26\/un-samedi-clownesque\/"]}]},{"@type":"BreadcrumbList","@id":"https:\/\/riresdenfants-rouen.fr\/RE\/2022\/01\/26\/un-samedi-clownesque\/#breadcrumb","itemListElement":[{"@type":"ListItem","position":1,"name":"Accueil","item":"https:\/\/riresdenfants-rouen.fr\/RE\/"},{"@type":"ListItem","position":2,"name":"Un samedi clownesque"}]},{"@type":"WebSite","@id":"https:\/\/riresdenfants-rouen.fr\/RE\/#website","url":"https:\/\/riresdenfants-rouen.fr\/RE\/","name":"Rires d&#039;enfants Rouen","description":"Rires d&#039;enfants intervient au CHU Rouen depuis plus de 40 ans pr\u00e8s des enfants malades avec 80 B\u00e9n\u00e9voles","publisher":{"@id":"https:\/\/riresdenfants-rouen.fr\/RE\/#organization"},"potentialAction":[{"@type":"SearchAction","target":{"@type":"EntryPoint","urlTemplate":"https:\/\/riresdenfants-rouen.fr\/RE\/?s={search_term_string}"},"query-input":"required name=search_term_string"}],"inLanguage":"fr-FR"},{"@type":"Organization","@id":"https:\/\/riresdenfants-rouen.fr\/RE\/#organization","name":"Rires d&#039;enfants Rouen","url":"https:\/\/riresdenfants-rouen.fr\/RE\/","logo":{"@type":"ImageObject","inLanguage":"fr-FR","@id":"https:\/\/riresdenfants-rouen.fr\/RE\/#\/schema\/logo\/image\/","url":"https:\/\/riresdenfants-rouen.fr\/RE\/wp-content\/uploads\/2020\/08\/cropped-cropped-rire_enfants_logo-e1504523736962-300x300-1-2.jpg","contentUrl":"https:\/\/riresdenfants-rouen.fr\/RE\/wp-content\/uploads\/2020\/08\/cropped-cropped-rire_enfants_logo-e1504523736962-300x300-1-2.jpg","width":248,"height":248,"caption":"Rires d&#039;enfants Rouen"},"image":{"@id":"https:\/\/riresdenfants-rouen.fr\/RE\/#\/schema\/logo\/image\/"},"sameAs":["https:\/\/www.facebook.com\/Association-Rires-dEnfants-Rouen-211721688936602\/?view_public_for=211721688936602"]},{"@type":"Person","@id":"https:\/\/riresdenfants-rouen.fr\/RE\/#\/schema\/person\/218dfa3f2d0e889b1283f846fb28804c","name":"Francoise","image":{"@type":"ImageObject","inLanguage":"fr-FR","@id":"https:\/\/riresdenfants-rouen.fr\/RE\/#\/schema\/person\/image\/","url":"https:\/\/secure.gravatar.com\/avatar\/ae30b793f3c3259367f955325487fd95?s=96&d=mm&r=g","contentUrl":"https:\/\/secure.gravatar.com\/avatar\/ae30b793f3c3259367f955325487fd95?s=96&d=mm&r=g","caption":"Francoise"},"url":"https:\/\/riresdenfants-rouen.fr\/RE\/author\/francoise\/"}]}},"_links":{"self":[{"href":"https:\/\/riresdenfants-rouen.fr\/RE\/wp-json\/wp\/v2\/posts\/489"}],"collection":[{"href":"https:\/\/riresdenfants-rouen.fr\/RE\/wp-json\/wp\/v2\/posts"}],"about":[{"href":"https:\/\/riresdenfants-rouen.fr\/RE\/wp-json\/wp\/v2\/types\/post"}],"author":[{"embeddable":true,"href":"https:\/\/riresdenfants-rouen.fr\/RE\/wp-json\/wp\/v2\/users\/1"}],"replies":[{"embeddable":true,"href":"https:\/\/riresdenfants-rouen.fr\/RE\/wp-json\/wp\/v2\/comments?post=489"}],"version-history":[{"count":6,"href":"https:\/\/riresdenfants-rouen.fr\/RE\/wp-json\/wp\/v2\/posts\/489\/revisions"}],"predecessor-version":[{"id":500,"href":"https:\/\/riresdenfants-rouen.fr\/RE\/wp-json\/wp\/v2\/posts\/489\/revisions\/500"}],"wp:featuredmedia":[{"embeddable":true,"href":"https:\/\/riresdenfants-rouen.fr\/RE\/wp-json\/wp\/v2\/media\/493"}],"wp:attachment":[{"href":"https:\/\/riresdenfants-rouen.fr\/RE\/wp-json\/wp\/v2\/media?parent=489"}],"wp:term":[{"taxonomy":"category","embeddable":true,"href":"https:\/\/riresdenfants-rouen.fr\/RE\/wp-json\/wp\/v2\/categories?post=489"},{"taxonomy":"post_tag","embeddable":true,"href":"https:\/\/riresdenfants-rouen.fr\/RE\/wp-json\/wp\/v2\/tags?post=489"}],"curies":[{"name":"wp","href":"https:\/\/api.w.org\/{rel}","templated":true}]}}