{"id":452,"date":"2021-11-30T18:27:05","date_gmt":"2021-11-30T17:27:05","guid":{"rendered":"https:\/\/riresdenfants-rouen.fr\/RE\/?p=452"},"modified":"2021-11-30T18:29:18","modified_gmt":"2021-11-30T17:29:18","slug":"merci-2","status":"publish","type":"post","link":"https:\/\/riresdenfants-rouen.fr\/RE\/2021\/11\/30\/merci-2\/","title":{"rendered":"Merci"},"content":{"rendered":"\n<figure class=\"wp-block-image size-large\"><img loading=\"lazy\" decoding=\"async\" width=\"1024\" height=\"768\" src=\"https:\/\/riresdenfants-rouen.fr\/RE\/wp-content\/uploads\/2021\/11\/Apel-rey-nov-2021-1024x768.jpg\" alt=\"\" class=\"wp-image-453\" srcset=\"https:\/\/riresdenfants-rouen.fr\/RE\/wp-content\/uploads\/2021\/11\/Apel-rey-nov-2021-1024x768.jpg 1024w, https:\/\/riresdenfants-rouen.fr\/RE\/wp-content\/uploads\/2021\/11\/Apel-rey-nov-2021-300x225.jpg 300w, https:\/\/riresdenfants-rouen.fr\/RE\/wp-content\/uploads\/2021\/11\/Apel-rey-nov-2021-768x576.jpg 768w, https:\/\/riresdenfants-rouen.fr\/RE\/wp-content\/uploads\/2021\/11\/Apel-rey-nov-2021.jpg 1440w\" sizes=\"(max-width: 1024px) 100vw, 1024px\" \/><\/figure>\n\n\n\n<p>L&#8217;association des parents d&#8217;\u00e9l\u00e8ves de l&#8217;institution Rey nous a remis un ch\u00e8que de 1231,50\u20ac lors de la journ\u00e9e portes ouvertes du lyc\u00e9e. <\/p>\n\n\n\n<p>C&#8217;est la quatri\u00e8me ann\u00e9e que nous sommes soutenus par l&#8217;APEL, et ensemble nous avons pu contribuer \u00e0 donner le sourire aux enfants malades. <\/p>\n\n\n\n<figure class=\"wp-block-image size-large\"><img loading=\"lazy\" decoding=\"async\" width=\"1024\" height=\"768\" src=\"https:\/\/riresdenfants-rouen.fr\/RE\/wp-content\/uploads\/2021\/11\/apel-rey-clownettes-nov-21-1024x768.jpg\" alt=\"\" class=\"wp-image-454\" srcset=\"https:\/\/riresdenfants-rouen.fr\/RE\/wp-content\/uploads\/2021\/11\/apel-rey-clownettes-nov-21-1024x768.jpg 1024w, https:\/\/riresdenfants-rouen.fr\/RE\/wp-content\/uploads\/2021\/11\/apel-rey-clownettes-nov-21-300x225.jpg 300w, https:\/\/riresdenfants-rouen.fr\/RE\/wp-content\/uploads\/2021\/11\/apel-rey-clownettes-nov-21-768x576.jpg 768w, https:\/\/riresdenfants-rouen.fr\/RE\/wp-content\/uploads\/2021\/11\/apel-rey-clownettes-nov-21.jpg 1440w\" sizes=\"(max-width: 1024px) 100vw, 1024px\" \/><\/figure>\n\n\n\n<p> Nous \u00e9tions accompagn\u00e9es des clownettes  qui ont mis de l&#8217;ambiance et de la gaiet\u00e9 comme lors de leurs interventions aupr\u00e8s des enfants hospitalis\u00e9s. <\/p>\n","protected":false},"excerpt":{"rendered":"<p>L&#8217;association des parents d&#8217;\u00e9l\u00e8ves de l&#8217;institution Rey nous a remis un ch\u00e8que de 1231,50\u20ac lors de la journ\u00e9e portes ouvertes du lyc\u00e9e. C&#8217;est la quatri\u00e8me ann\u00e9e que nous sommes soutenus par l&#8217;APEL, et ensemble nous avons pu contribuer \u00e0 donner le sourire aux enfants malades. Nous \u00e9tions accompagn\u00e9es des clownettes qui ont mis de l&#8217;ambiance [&hellip;]<\/p>\n","protected":false},"author":1,"featured_media":0,"comment_status":"open","ping_status":"open","sticky":false,"template":"","format":"standard","meta":{"footnotes":""},"categories":[3,5],"tags":[],"yoast_head":"<!-- This site is optimized with the Yoast SEO plugin v21.1 - https:\/\/yoast.com\/wordpress\/plugins\/seo\/ -->\n<title>Merci - Rires d&#039;enfants Rouen<\/title>\n<meta name=\"robots\" content=\"index, follow, max-snippet:-1, max-image-preview:large, max-video-preview:-1\" \/>\n<link rel=\"canonical\" href=\"https:\/\/riresdenfants-rouen.fr\/RE\/2021\/11\/30\/merci-2\/\" \/>\n<meta property=\"og:locale\" content=\"fr_FR\" \/>\n<meta property=\"og:type\" content=\"article\" \/>\n<meta property=\"og:title\" content=\"Merci - Rires d&#039;enfants Rouen\" \/>\n<meta property=\"og:description\" content=\"L&#8217;association des parents d&#8217;\u00e9l\u00e8ves de l&#8217;institution Rey nous a remis un ch\u00e8que de 1231,50\u20ac lors de la journ\u00e9e portes ouvertes du lyc\u00e9e. C&#8217;est la quatri\u00e8me ann\u00e9e que nous sommes soutenus par l&#8217;APEL, et ensemble nous avons pu contribuer \u00e0 donner le sourire aux enfants malades. Nous \u00e9tions accompagn\u00e9es des clownettes qui ont mis de l&#8217;ambiance [&hellip;]\" \/>\n<meta property=\"og:url\" content=\"https:\/\/riresdenfants-rouen.fr\/RE\/2021\/11\/30\/merci-2\/\" \/>\n<meta property=\"og:site_name\" content=\"Rires d&#039;enfants Rouen\" \/>\n<meta property=\"article:publisher\" content=\"https:\/\/www.facebook.com\/Association-Rires-dEnfants-Rouen-211721688936602\/?view_public_for=211721688936602\" \/>\n<meta property=\"article:published_time\" content=\"2021-11-30T17:27:05+00:00\" \/>\n<meta property=\"article:modified_time\" content=\"2021-11-30T17:29:18+00:00\" \/>\n<meta property=\"og:image\" content=\"https:\/\/riresdenfants-rouen.fr\/RE\/wp-content\/uploads\/2021\/11\/Apel-rey-nov-2021-1024x768.jpg\" \/>\n<meta name=\"author\" content=\"Francoise\" \/>\n<meta name=\"twitter:card\" content=\"summary_large_image\" \/>\n<meta name=\"twitter:label1\" content=\"\u00c9crit par\" \/>\n\t<meta name=\"twitter:data1\" content=\"Francoise\" \/>\n\t<meta name=\"twitter:label2\" content=\"Dur\u00e9e de lecture estim\u00e9e\" \/>\n\t<meta name=\"twitter:data2\" content=\"1 minute\" \/>\n<script type=\"application\/ld+json\" class=\"yoast-schema-graph\">{\"@context\":\"https:\/\/schema.org\",\"@graph\":[{\"@type\":\"Article\",\"@id\":\"https:\/\/riresdenfants-rouen.fr\/RE\/2021\/11\/30\/merci-2\/#article\",\"isPartOf\":{\"@id\":\"https:\/\/riresdenfants-rouen.fr\/RE\/2021\/11\/30\/merci-2\/\"},\"author\":{\"name\":\"Francoise\",\"@id\":\"https:\/\/riresdenfants-rouen.fr\/RE\/#\/schema\/person\/218dfa3f2d0e889b1283f846fb28804c\"},\"headline\":\"Merci\",\"datePublished\":\"2021-11-30T17:27:05+00:00\",\"dateModified\":\"2021-11-30T17:29:18+00:00\",\"mainEntityOfPage\":{\"@id\":\"https:\/\/riresdenfants-rouen.fr\/RE\/2021\/11\/30\/merci-2\/\"},\"wordCount\":77,\"commentCount\":0,\"publisher\":{\"@id\":\"https:\/\/riresdenfants-rouen.fr\/RE\/#organization\"},\"articleSection\":[\"Actualit\u00e9\",\"bandeau\"],\"inLanguage\":\"fr-FR\",\"potentialAction\":[{\"@type\":\"CommentAction\",\"name\":\"Comment\",\"target\":[\"https:\/\/riresdenfants-rouen.fr\/RE\/2021\/11\/30\/merci-2\/#respond\"]}]},{\"@type\":\"WebPage\",\"@id\":\"https:\/\/riresdenfants-rouen.fr\/RE\/2021\/11\/30\/merci-2\/\",\"url\":\"https:\/\/riresdenfants-rouen.fr\/RE\/2021\/11\/30\/merci-2\/\",\"name\":\"Merci - Rires d&#039;enfants Rouen\",\"isPartOf\":{\"@id\":\"https:\/\/riresdenfants-rouen.fr\/RE\/#website\"},\"datePublished\":\"2021-11-30T17:27:05+00:00\",\"dateModified\":\"2021-11-30T17:29:18+00:00\",\"breadcrumb\":{\"@id\":\"https:\/\/riresdenfants-rouen.fr\/RE\/2021\/11\/30\/merci-2\/#breadcrumb\"},\"inLanguage\":\"fr-FR\",\"potentialAction\":[{\"@type\":\"ReadAction\",\"target\":[\"https:\/\/riresdenfants-rouen.fr\/RE\/2021\/11\/30\/merci-2\/\"]}]},{\"@type\":\"BreadcrumbList\",\"@id\":\"https:\/\/riresdenfants-rouen.fr\/RE\/2021\/11\/30\/merci-2\/#breadcrumb\",\"itemListElement\":[{\"@type\":\"ListItem\",\"position\":1,\"name\":\"Accueil\",\"item\":\"https:\/\/riresdenfants-rouen.fr\/RE\/\"},{\"@type\":\"ListItem\",\"position\":2,\"name\":\"Merci\"}]},{\"@type\":\"WebSite\",\"@id\":\"https:\/\/riresdenfants-rouen.fr\/RE\/#website\",\"url\":\"https:\/\/riresdenfants-rouen.fr\/RE\/\",\"name\":\"Rires d&#039;enfants Rouen\",\"description\":\"Rires d&#039;enfants intervient au CHU Rouen depuis plus de 40 ans pr\u00e8s des enfants malades avec 80 B\u00e9n\u00e9voles\",\"publisher\":{\"@id\":\"https:\/\/riresdenfants-rouen.fr\/RE\/#organization\"},\"potentialAction\":[{\"@type\":\"SearchAction\",\"target\":{\"@type\":\"EntryPoint\",\"urlTemplate\":\"https:\/\/riresdenfants-rouen.fr\/RE\/?s={search_term_string}\"},\"query-input\":\"required name=search_term_string\"}],\"inLanguage\":\"fr-FR\"},{\"@type\":\"Organization\",\"@id\":\"https:\/\/riresdenfants-rouen.fr\/RE\/#organization\",\"name\":\"Rires d&#039;enfants Rouen\",\"url\":\"https:\/\/riresdenfants-rouen.fr\/RE\/\",\"logo\":{\"@type\":\"ImageObject\",\"inLanguage\":\"fr-FR\",\"@id\":\"https:\/\/riresdenfants-rouen.fr\/RE\/#\/schema\/logo\/image\/\",\"url\":\"https:\/\/riresdenfants-rouen.fr\/RE\/wp-content\/uploads\/2020\/08\/cropped-cropped-rire_enfants_logo-e1504523736962-300x300-1-2.jpg\",\"contentUrl\":\"https:\/\/riresdenfants-rouen.fr\/RE\/wp-content\/uploads\/2020\/08\/cropped-cropped-rire_enfants_logo-e1504523736962-300x300-1-2.jpg\",\"width\":248,\"height\":248,\"caption\":\"Rires d&#039;enfants Rouen\"},\"image\":{\"@id\":\"https:\/\/riresdenfants-rouen.fr\/RE\/#\/schema\/logo\/image\/\"},\"sameAs\":[\"https:\/\/www.facebook.com\/Association-Rires-dEnfants-Rouen-211721688936602\/?view_public_for=211721688936602\"]},{\"@type\":\"Person\",\"@id\":\"https:\/\/riresdenfants-rouen.fr\/RE\/#\/schema\/person\/218dfa3f2d0e889b1283f846fb28804c\",\"name\":\"Francoise\",\"image\":{\"@type\":\"ImageObject\",\"inLanguage\":\"fr-FR\",\"@id\":\"https:\/\/riresdenfants-rouen.fr\/RE\/#\/schema\/person\/image\/\",\"url\":\"https:\/\/secure.gravatar.com\/avatar\/ae30b793f3c3259367f955325487fd95?s=96&d=mm&r=g\",\"contentUrl\":\"https:\/\/secure.gravatar.com\/avatar\/ae30b793f3c3259367f955325487fd95?s=96&d=mm&r=g\",\"caption\":\"Francoise\"},\"url\":\"https:\/\/riresdenfants-rouen.fr\/RE\/author\/francoise\/\"}]}<\/script>\n<!-- \/ Yoast SEO plugin. -->","yoast_head_json":{"title":"Merci - Rires d&#039;enfants Rouen","robots":{"index":"index","follow":"follow","max-snippet":"max-snippet:-1","max-image-preview":"max-image-preview:large","max-video-preview":"max-video-preview:-1"},"canonical":"https:\/\/riresdenfants-rouen.fr\/RE\/2021\/11\/30\/merci-2\/","og_locale":"fr_FR","og_type":"article","og_title":"Merci - Rires d&#039;enfants Rouen","og_description":"L&#8217;association des parents d&#8217;\u00e9l\u00e8ves de l&#8217;institution Rey nous a remis un ch\u00e8que de 1231,50\u20ac lors de la journ\u00e9e portes ouvertes du lyc\u00e9e. C&#8217;est la quatri\u00e8me ann\u00e9e que nous sommes soutenus par l&#8217;APEL, et ensemble nous avons pu contribuer \u00e0 donner le sourire aux enfants malades. Nous \u00e9tions accompagn\u00e9es des clownettes qui ont mis de l&#8217;ambiance [&hellip;]","og_url":"https:\/\/riresdenfants-rouen.fr\/RE\/2021\/11\/30\/merci-2\/","og_site_name":"Rires d&#039;enfants Rouen","article_publisher":"https:\/\/www.facebook.com\/Association-Rires-dEnfants-Rouen-211721688936602\/?view_public_for=211721688936602","article_published_time":"2021-11-30T17:27:05+00:00","article_modified_time":"2021-11-30T17:29:18+00:00","og_image":[{"url":"https:\/\/riresdenfants-rouen.fr\/RE\/wp-content\/uploads\/2021\/11\/Apel-rey-nov-2021-1024x768.jpg"}],"author":"Francoise","twitter_card":"summary_large_image","twitter_misc":{"\u00c9crit par":"Francoise","Dur\u00e9e de lecture estim\u00e9e":"1 minute"},"schema":{"@context":"https:\/\/schema.org","@graph":[{"@type":"Article","@id":"https:\/\/riresdenfants-rouen.fr\/RE\/2021\/11\/30\/merci-2\/#article","isPartOf":{"@id":"https:\/\/riresdenfants-rouen.fr\/RE\/2021\/11\/30\/merci-2\/"},"author":{"name":"Francoise","@id":"https:\/\/riresdenfants-rouen.fr\/RE\/#\/schema\/person\/218dfa3f2d0e889b1283f846fb28804c"},"headline":"Merci","datePublished":"2021-11-30T17:27:05+00:00","dateModified":"2021-11-30T17:29:18+00:00","mainEntityOfPage":{"@id":"https:\/\/riresdenfants-rouen.fr\/RE\/2021\/11\/30\/merci-2\/"},"wordCount":77,"commentCount":0,"publisher":{"@id":"https:\/\/riresdenfants-rouen.fr\/RE\/#organization"},"articleSection":["Actualit\u00e9","bandeau"],"inLanguage":"fr-FR","potentialAction":[{"@type":"CommentAction","name":"Comment","target":["https:\/\/riresdenfants-rouen.fr\/RE\/2021\/11\/30\/merci-2\/#respond"]}]},{"@type":"WebPage","@id":"https:\/\/riresdenfants-rouen.fr\/RE\/2021\/11\/30\/merci-2\/","url":"https:\/\/riresdenfants-rouen.fr\/RE\/2021\/11\/30\/merci-2\/","name":"Merci - Rires d&#039;enfants Rouen","isPartOf":{"@id":"https:\/\/riresdenfants-rouen.fr\/RE\/#website"},"datePublished":"2021-11-30T17:27:05+00:00","dateModified":"2021-11-30T17:29:18+00:00","breadcrumb":{"@id":"https:\/\/riresdenfants-rouen.fr\/RE\/2021\/11\/30\/merci-2\/#breadcrumb"},"inLanguage":"fr-FR","potentialAction":[{"@type":"ReadAction","target":["https:\/\/riresdenfants-rouen.fr\/RE\/2021\/11\/30\/merci-2\/"]}]},{"@type":"BreadcrumbList","@id":"https:\/\/riresdenfants-rouen.fr\/RE\/2021\/11\/30\/merci-2\/#breadcrumb","itemListElement":[{"@type":"ListItem","position":1,"name":"Accueil","item":"https:\/\/riresdenfants-rouen.fr\/RE\/"},{"@type":"ListItem","position":2,"name":"Merci"}]},{"@type":"WebSite","@id":"https:\/\/riresdenfants-rouen.fr\/RE\/#website","url":"https:\/\/riresdenfants-rouen.fr\/RE\/","name":"Rires d&#039;enfants Rouen","description":"Rires d&#039;enfants intervient au CHU Rouen depuis plus de 40 ans pr\u00e8s des enfants malades avec 80 B\u00e9n\u00e9voles","publisher":{"@id":"https:\/\/riresdenfants-rouen.fr\/RE\/#organization"},"potentialAction":[{"@type":"SearchAction","target":{"@type":"EntryPoint","urlTemplate":"https:\/\/riresdenfants-rouen.fr\/RE\/?s={search_term_string}"},"query-input":"required name=search_term_string"}],"inLanguage":"fr-FR"},{"@type":"Organization","@id":"https:\/\/riresdenfants-rouen.fr\/RE\/#organization","name":"Rires d&#039;enfants Rouen","url":"https:\/\/riresdenfants-rouen.fr\/RE\/","logo":{"@type":"ImageObject","inLanguage":"fr-FR","@id":"https:\/\/riresdenfants-rouen.fr\/RE\/#\/schema\/logo\/image\/","url":"https:\/\/riresdenfants-rouen.fr\/RE\/wp-content\/uploads\/2020\/08\/cropped-cropped-rire_enfants_logo-e1504523736962-300x300-1-2.jpg","contentUrl":"https:\/\/riresdenfants-rouen.fr\/RE\/wp-content\/uploads\/2020\/08\/cropped-cropped-rire_enfants_logo-e1504523736962-300x300-1-2.jpg","width":248,"height":248,"caption":"Rires d&#039;enfants Rouen"},"image":{"@id":"https:\/\/riresdenfants-rouen.fr\/RE\/#\/schema\/logo\/image\/"},"sameAs":["https:\/\/www.facebook.com\/Association-Rires-dEnfants-Rouen-211721688936602\/?view_public_for=211721688936602"]},{"@type":"Person","@id":"https:\/\/riresdenfants-rouen.fr\/RE\/#\/schema\/person\/218dfa3f2d0e889b1283f846fb28804c","name":"Francoise","image":{"@type":"ImageObject","inLanguage":"fr-FR","@id":"https:\/\/riresdenfants-rouen.fr\/RE\/#\/schema\/person\/image\/","url":"https:\/\/secure.gravatar.com\/avatar\/ae30b793f3c3259367f955325487fd95?s=96&d=mm&r=g","contentUrl":"https:\/\/secure.gravatar.com\/avatar\/ae30b793f3c3259367f955325487fd95?s=96&d=mm&r=g","caption":"Francoise"},"url":"https:\/\/riresdenfants-rouen.fr\/RE\/author\/francoise\/"}]}},"_links":{"self":[{"href":"https:\/\/riresdenfants-rouen.fr\/RE\/wp-json\/wp\/v2\/posts\/452"}],"collection":[{"href":"https:\/\/riresdenfants-rouen.fr\/RE\/wp-json\/wp\/v2\/posts"}],"about":[{"href":"https:\/\/riresdenfants-rouen.fr\/RE\/wp-json\/wp\/v2\/types\/post"}],"author":[{"embeddable":true,"href":"https:\/\/riresdenfants-rouen.fr\/RE\/wp-json\/wp\/v2\/users\/1"}],"replies":[{"embeddable":true,"href":"https:\/\/riresdenfants-rouen.fr\/RE\/wp-json\/wp\/v2\/comments?post=452"}],"version-history":[{"count":8,"href":"https:\/\/riresdenfants-rouen.fr\/RE\/wp-json\/wp\/v2\/posts\/452\/revisions"}],"predecessor-version":[{"id":462,"href":"https:\/\/riresdenfants-rouen.fr\/RE\/wp-json\/wp\/v2\/posts\/452\/revisions\/462"}],"wp:attachment":[{"href":"https:\/\/riresdenfants-rouen.fr\/RE\/wp-json\/wp\/v2\/media?parent=452"}],"wp:term":[{"taxonomy":"category","embeddable":true,"href":"https:\/\/riresdenfants-rouen.fr\/RE\/wp-json\/wp\/v2\/categories?post=452"},{"taxonomy":"post_tag","embeddable":true,"href":"https:\/\/riresdenfants-rouen.fr\/RE\/wp-json\/wp\/v2\/tags?post=452"}],"curies":[{"name":"wp","href":"https:\/\/api.w.org\/{rel}","templated":true}]}}