{"id":400,"date":"2021-09-03T22:34:20","date_gmt":"2021-09-03T20:34:20","guid":{"rendered":"https:\/\/riresdenfants-rouen.fr\/RE\/?p=400"},"modified":"2021-09-03T22:36:07","modified_gmt":"2021-09-03T20:36:07","slug":"cest-la-rentree","status":"publish","type":"post","link":"https:\/\/riresdenfants-rouen.fr\/RE\/2021\/09\/03\/cest-la-rentree\/","title":{"rendered":"C&#8217;est la rentr\u00e9e!"},"content":{"rendered":"\n<figure class=\"wp-block-image size-large\"><img loading=\"lazy\" decoding=\"async\" width=\"768\" height=\"1024\" src=\"https:\/\/riresdenfants-rouen.fr\/RE\/wp-content\/uploads\/2021\/09\/rentree2021-Thibaud-768x1024.jpg\" alt=\"\" class=\"wp-image-402\" srcset=\"https:\/\/riresdenfants-rouen.fr\/RE\/wp-content\/uploads\/2021\/09\/rentree2021-Thibaud-768x1024.jpg 768w, https:\/\/riresdenfants-rouen.fr\/RE\/wp-content\/uploads\/2021\/09\/rentree2021-Thibaud-225x300.jpg 225w, https:\/\/riresdenfants-rouen.fr\/RE\/wp-content\/uploads\/2021\/09\/rentree2021-Thibaud-1152x1536.jpg 1152w, https:\/\/riresdenfants-rouen.fr\/RE\/wp-content\/uploads\/2021\/09\/rentree2021-Thibaud-1536x2048.jpg 1536w, https:\/\/riresdenfants-rouen.fr\/RE\/wp-content\/uploads\/2021\/09\/rentree2021-Thibaud-scaled.jpg 1920w\" sizes=\"(max-width: 768px) 100vw, 768px\" \/><\/figure>\n\n\n\n<p>Thibaud a rev\u00eatu son gilet &#8220;chouette&#8221;, il a suivi sa formation sur l&#8217;hygi\u00e8ne en p\u00e9riode covid, il est vaccin\u00e9, et comme Nicole, Mich\u00e8le, Sonia, Vanessa, Claudine Fran\u00e7oise\u2026  il a fait sa rent\u00e9e au CHU.  <\/p>\n\n\n\n<p>Quel plaisir de revenir jouer avec les enfants malades, leur apporter du r\u00e9confort et les faire sourire ou rire!<\/p>\n\n\n\n<p>La salle d&#8217;attente des urgences est m\u00e9tamorphos\u00e9e, avec toutes les cr\u00e9atures extraterrestres imagin\u00e9es par Gr\u00e9gory R\u00e9ti dans la cadre du projet que nous avons financ\u00e9. Les coloriages imagin\u00e9s sur les m\u00eames th\u00e8mes ravissent les plus jeunes enfants.  <\/p>\n\n\n\n<p>Samedi 4 septembre, nous serons pr\u00e9sents au forum des associations sur les quais bas de la Rive Gauche de Rouen, venez nous rendre visite sur le stand 80<\/p>\n","protected":false},"excerpt":{"rendered":"<p>Thibaud a rev\u00eatu son gilet &#8220;chouette&#8221;, il a suivi sa formation sur l&#8217;hygi\u00e8ne en p\u00e9riode covid, il est vaccin\u00e9, et comme Nicole, Mich\u00e8le, Sonia, Vanessa, Claudine Fran\u00e7oise\u2026 il a fait sa rent\u00e9e au CHU. Quel plaisir de revenir jouer avec les enfants malades, leur apporter du r\u00e9confort et les faire sourire ou rire! La salle [&hellip;]<\/p>\n","protected":false},"author":1,"featured_media":0,"comment_status":"open","ping_status":"open","sticky":false,"template":"","format":"standard","meta":{"footnotes":""},"categories":[3,5],"tags":[],"yoast_head":"<!-- This site is optimized with the Yoast SEO plugin v21.1 - https:\/\/yoast.com\/wordpress\/plugins\/seo\/ -->\n<title>C&#039;est la rentr\u00e9e! - Rires d&#039;enfants Rouen<\/title>\n<meta name=\"robots\" content=\"index, follow, max-snippet:-1, max-image-preview:large, max-video-preview:-1\" \/>\n<link rel=\"canonical\" href=\"https:\/\/riresdenfants-rouen.fr\/RE\/2021\/09\/03\/cest-la-rentree\/\" \/>\n<meta property=\"og:locale\" content=\"fr_FR\" \/>\n<meta property=\"og:type\" content=\"article\" \/>\n<meta property=\"og:title\" content=\"C&#039;est la rentr\u00e9e! - Rires d&#039;enfants Rouen\" \/>\n<meta property=\"og:description\" content=\"Thibaud a rev\u00eatu son gilet &#8220;chouette&#8221;, il a suivi sa formation sur l&#8217;hygi\u00e8ne en p\u00e9riode covid, il est vaccin\u00e9, et comme Nicole, Mich\u00e8le, Sonia, Vanessa, Claudine Fran\u00e7oise\u2026 il a fait sa rent\u00e9e au CHU. Quel plaisir de revenir jouer avec les enfants malades, leur apporter du r\u00e9confort et les faire sourire ou rire! La salle [&hellip;]\" \/>\n<meta property=\"og:url\" content=\"https:\/\/riresdenfants-rouen.fr\/RE\/2021\/09\/03\/cest-la-rentree\/\" \/>\n<meta property=\"og:site_name\" content=\"Rires d&#039;enfants Rouen\" \/>\n<meta property=\"article:publisher\" content=\"https:\/\/www.facebook.com\/Association-Rires-dEnfants-Rouen-211721688936602\/?view_public_for=211721688936602\" \/>\n<meta property=\"article:published_time\" content=\"2021-09-03T20:34:20+00:00\" \/>\n<meta property=\"article:modified_time\" content=\"2021-09-03T20:36:07+00:00\" \/>\n<meta property=\"og:image\" content=\"https:\/\/riresdenfants-rouen.fr\/RE\/wp-content\/uploads\/2021\/09\/rentree2021-Thibaud-768x1024.jpg\" \/>\n<meta name=\"author\" content=\"Francoise\" \/>\n<meta name=\"twitter:card\" content=\"summary_large_image\" \/>\n<meta name=\"twitter:label1\" content=\"\u00c9crit par\" \/>\n\t<meta name=\"twitter:data1\" content=\"Francoise\" \/>\n\t<meta name=\"twitter:label2\" content=\"Dur\u00e9e de lecture estim\u00e9e\" \/>\n\t<meta name=\"twitter:data2\" content=\"1 minute\" \/>\n<script type=\"application\/ld+json\" class=\"yoast-schema-graph\">{\"@context\":\"https:\/\/schema.org\",\"@graph\":[{\"@type\":\"Article\",\"@id\":\"https:\/\/riresdenfants-rouen.fr\/RE\/2021\/09\/03\/cest-la-rentree\/#article\",\"isPartOf\":{\"@id\":\"https:\/\/riresdenfants-rouen.fr\/RE\/2021\/09\/03\/cest-la-rentree\/\"},\"author\":{\"name\":\"Francoise\",\"@id\":\"https:\/\/riresdenfants-rouen.fr\/RE\/#\/schema\/person\/218dfa3f2d0e889b1283f846fb28804c\"},\"headline\":\"C&#8217;est la rentr\u00e9e!\",\"datePublished\":\"2021-09-03T20:34:20+00:00\",\"dateModified\":\"2021-09-03T20:36:07+00:00\",\"mainEntityOfPage\":{\"@id\":\"https:\/\/riresdenfants-rouen.fr\/RE\/2021\/09\/03\/cest-la-rentree\/\"},\"wordCount\":137,\"commentCount\":0,\"publisher\":{\"@id\":\"https:\/\/riresdenfants-rouen.fr\/RE\/#organization\"},\"articleSection\":[\"Actualit\u00e9\",\"bandeau\"],\"inLanguage\":\"fr-FR\",\"potentialAction\":[{\"@type\":\"CommentAction\",\"name\":\"Comment\",\"target\":[\"https:\/\/riresdenfants-rouen.fr\/RE\/2021\/09\/03\/cest-la-rentree\/#respond\"]}]},{\"@type\":\"WebPage\",\"@id\":\"https:\/\/riresdenfants-rouen.fr\/RE\/2021\/09\/03\/cest-la-rentree\/\",\"url\":\"https:\/\/riresdenfants-rouen.fr\/RE\/2021\/09\/03\/cest-la-rentree\/\",\"name\":\"C'est la rentr\u00e9e! - Rires d&#039;enfants Rouen\",\"isPartOf\":{\"@id\":\"https:\/\/riresdenfants-rouen.fr\/RE\/#website\"},\"datePublished\":\"2021-09-03T20:34:20+00:00\",\"dateModified\":\"2021-09-03T20:36:07+00:00\",\"breadcrumb\":{\"@id\":\"https:\/\/riresdenfants-rouen.fr\/RE\/2021\/09\/03\/cest-la-rentree\/#breadcrumb\"},\"inLanguage\":\"fr-FR\",\"potentialAction\":[{\"@type\":\"ReadAction\",\"target\":[\"https:\/\/riresdenfants-rouen.fr\/RE\/2021\/09\/03\/cest-la-rentree\/\"]}]},{\"@type\":\"BreadcrumbList\",\"@id\":\"https:\/\/riresdenfants-rouen.fr\/RE\/2021\/09\/03\/cest-la-rentree\/#breadcrumb\",\"itemListElement\":[{\"@type\":\"ListItem\",\"position\":1,\"name\":\"Accueil\",\"item\":\"https:\/\/riresdenfants-rouen.fr\/RE\/\"},{\"@type\":\"ListItem\",\"position\":2,\"name\":\"C&#8217;est la rentr\u00e9e!\"}]},{\"@type\":\"WebSite\",\"@id\":\"https:\/\/riresdenfants-rouen.fr\/RE\/#website\",\"url\":\"https:\/\/riresdenfants-rouen.fr\/RE\/\",\"name\":\"Rires d&#039;enfants Rouen\",\"description\":\"Rires d&#039;enfants intervient au CHU Rouen depuis plus de 40 ans pr\u00e8s des enfants malades avec 80 B\u00e9n\u00e9voles\",\"publisher\":{\"@id\":\"https:\/\/riresdenfants-rouen.fr\/RE\/#organization\"},\"potentialAction\":[{\"@type\":\"SearchAction\",\"target\":{\"@type\":\"EntryPoint\",\"urlTemplate\":\"https:\/\/riresdenfants-rouen.fr\/RE\/?s={search_term_string}\"},\"query-input\":\"required name=search_term_string\"}],\"inLanguage\":\"fr-FR\"},{\"@type\":\"Organization\",\"@id\":\"https:\/\/riresdenfants-rouen.fr\/RE\/#organization\",\"name\":\"Rires d&#039;enfants Rouen\",\"url\":\"https:\/\/riresdenfants-rouen.fr\/RE\/\",\"logo\":{\"@type\":\"ImageObject\",\"inLanguage\":\"fr-FR\",\"@id\":\"https:\/\/riresdenfants-rouen.fr\/RE\/#\/schema\/logo\/image\/\",\"url\":\"https:\/\/riresdenfants-rouen.fr\/RE\/wp-content\/uploads\/2020\/08\/cropped-cropped-rire_enfants_logo-e1504523736962-300x300-1-2.jpg\",\"contentUrl\":\"https:\/\/riresdenfants-rouen.fr\/RE\/wp-content\/uploads\/2020\/08\/cropped-cropped-rire_enfants_logo-e1504523736962-300x300-1-2.jpg\",\"width\":248,\"height\":248,\"caption\":\"Rires d&#039;enfants Rouen\"},\"image\":{\"@id\":\"https:\/\/riresdenfants-rouen.fr\/RE\/#\/schema\/logo\/image\/\"},\"sameAs\":[\"https:\/\/www.facebook.com\/Association-Rires-dEnfants-Rouen-211721688936602\/?view_public_for=211721688936602\"]},{\"@type\":\"Person\",\"@id\":\"https:\/\/riresdenfants-rouen.fr\/RE\/#\/schema\/person\/218dfa3f2d0e889b1283f846fb28804c\",\"name\":\"Francoise\",\"image\":{\"@type\":\"ImageObject\",\"inLanguage\":\"fr-FR\",\"@id\":\"https:\/\/riresdenfants-rouen.fr\/RE\/#\/schema\/person\/image\/\",\"url\":\"https:\/\/secure.gravatar.com\/avatar\/ae30b793f3c3259367f955325487fd95?s=96&d=mm&r=g\",\"contentUrl\":\"https:\/\/secure.gravatar.com\/avatar\/ae30b793f3c3259367f955325487fd95?s=96&d=mm&r=g\",\"caption\":\"Francoise\"},\"url\":\"https:\/\/riresdenfants-rouen.fr\/RE\/author\/francoise\/\"}]}<\/script>\n<!-- \/ Yoast SEO plugin. -->","yoast_head_json":{"title":"C'est la rentr\u00e9e! - Rires d&#039;enfants Rouen","robots":{"index":"index","follow":"follow","max-snippet":"max-snippet:-1","max-image-preview":"max-image-preview:large","max-video-preview":"max-video-preview:-1"},"canonical":"https:\/\/riresdenfants-rouen.fr\/RE\/2021\/09\/03\/cest-la-rentree\/","og_locale":"fr_FR","og_type":"article","og_title":"C'est la rentr\u00e9e! - Rires d&#039;enfants Rouen","og_description":"Thibaud a rev\u00eatu son gilet &#8220;chouette&#8221;, il a suivi sa formation sur l&#8217;hygi\u00e8ne en p\u00e9riode covid, il est vaccin\u00e9, et comme Nicole, Mich\u00e8le, Sonia, Vanessa, Claudine Fran\u00e7oise\u2026 il a fait sa rent\u00e9e au CHU. Quel plaisir de revenir jouer avec les enfants malades, leur apporter du r\u00e9confort et les faire sourire ou rire! La salle [&hellip;]","og_url":"https:\/\/riresdenfants-rouen.fr\/RE\/2021\/09\/03\/cest-la-rentree\/","og_site_name":"Rires d&#039;enfants Rouen","article_publisher":"https:\/\/www.facebook.com\/Association-Rires-dEnfants-Rouen-211721688936602\/?view_public_for=211721688936602","article_published_time":"2021-09-03T20:34:20+00:00","article_modified_time":"2021-09-03T20:36:07+00:00","og_image":[{"url":"https:\/\/riresdenfants-rouen.fr\/RE\/wp-content\/uploads\/2021\/09\/rentree2021-Thibaud-768x1024.jpg"}],"author":"Francoise","twitter_card":"summary_large_image","twitter_misc":{"\u00c9crit par":"Francoise","Dur\u00e9e de lecture estim\u00e9e":"1 minute"},"schema":{"@context":"https:\/\/schema.org","@graph":[{"@type":"Article","@id":"https:\/\/riresdenfants-rouen.fr\/RE\/2021\/09\/03\/cest-la-rentree\/#article","isPartOf":{"@id":"https:\/\/riresdenfants-rouen.fr\/RE\/2021\/09\/03\/cest-la-rentree\/"},"author":{"name":"Francoise","@id":"https:\/\/riresdenfants-rouen.fr\/RE\/#\/schema\/person\/218dfa3f2d0e889b1283f846fb28804c"},"headline":"C&#8217;est la rentr\u00e9e!","datePublished":"2021-09-03T20:34:20+00:00","dateModified":"2021-09-03T20:36:07+00:00","mainEntityOfPage":{"@id":"https:\/\/riresdenfants-rouen.fr\/RE\/2021\/09\/03\/cest-la-rentree\/"},"wordCount":137,"commentCount":0,"publisher":{"@id":"https:\/\/riresdenfants-rouen.fr\/RE\/#organization"},"articleSection":["Actualit\u00e9","bandeau"],"inLanguage":"fr-FR","potentialAction":[{"@type":"CommentAction","name":"Comment","target":["https:\/\/riresdenfants-rouen.fr\/RE\/2021\/09\/03\/cest-la-rentree\/#respond"]}]},{"@type":"WebPage","@id":"https:\/\/riresdenfants-rouen.fr\/RE\/2021\/09\/03\/cest-la-rentree\/","url":"https:\/\/riresdenfants-rouen.fr\/RE\/2021\/09\/03\/cest-la-rentree\/","name":"C'est la rentr\u00e9e! - Rires d&#039;enfants Rouen","isPartOf":{"@id":"https:\/\/riresdenfants-rouen.fr\/RE\/#website"},"datePublished":"2021-09-03T20:34:20+00:00","dateModified":"2021-09-03T20:36:07+00:00","breadcrumb":{"@id":"https:\/\/riresdenfants-rouen.fr\/RE\/2021\/09\/03\/cest-la-rentree\/#breadcrumb"},"inLanguage":"fr-FR","potentialAction":[{"@type":"ReadAction","target":["https:\/\/riresdenfants-rouen.fr\/RE\/2021\/09\/03\/cest-la-rentree\/"]}]},{"@type":"BreadcrumbList","@id":"https:\/\/riresdenfants-rouen.fr\/RE\/2021\/09\/03\/cest-la-rentree\/#breadcrumb","itemListElement":[{"@type":"ListItem","position":1,"name":"Accueil","item":"https:\/\/riresdenfants-rouen.fr\/RE\/"},{"@type":"ListItem","position":2,"name":"C&#8217;est la rentr\u00e9e!"}]},{"@type":"WebSite","@id":"https:\/\/riresdenfants-rouen.fr\/RE\/#website","url":"https:\/\/riresdenfants-rouen.fr\/RE\/","name":"Rires d&#039;enfants Rouen","description":"Rires d&#039;enfants intervient au CHU Rouen depuis plus de 40 ans pr\u00e8s des enfants malades avec 80 B\u00e9n\u00e9voles","publisher":{"@id":"https:\/\/riresdenfants-rouen.fr\/RE\/#organization"},"potentialAction":[{"@type":"SearchAction","target":{"@type":"EntryPoint","urlTemplate":"https:\/\/riresdenfants-rouen.fr\/RE\/?s={search_term_string}"},"query-input":"required name=search_term_string"}],"inLanguage":"fr-FR"},{"@type":"Organization","@id":"https:\/\/riresdenfants-rouen.fr\/RE\/#organization","name":"Rires d&#039;enfants Rouen","url":"https:\/\/riresdenfants-rouen.fr\/RE\/","logo":{"@type":"ImageObject","inLanguage":"fr-FR","@id":"https:\/\/riresdenfants-rouen.fr\/RE\/#\/schema\/logo\/image\/","url":"https:\/\/riresdenfants-rouen.fr\/RE\/wp-content\/uploads\/2020\/08\/cropped-cropped-rire_enfants_logo-e1504523736962-300x300-1-2.jpg","contentUrl":"https:\/\/riresdenfants-rouen.fr\/RE\/wp-content\/uploads\/2020\/08\/cropped-cropped-rire_enfants_logo-e1504523736962-300x300-1-2.jpg","width":248,"height":248,"caption":"Rires d&#039;enfants Rouen"},"image":{"@id":"https:\/\/riresdenfants-rouen.fr\/RE\/#\/schema\/logo\/image\/"},"sameAs":["https:\/\/www.facebook.com\/Association-Rires-dEnfants-Rouen-211721688936602\/?view_public_for=211721688936602"]},{"@type":"Person","@id":"https:\/\/riresdenfants-rouen.fr\/RE\/#\/schema\/person\/218dfa3f2d0e889b1283f846fb28804c","name":"Francoise","image":{"@type":"ImageObject","inLanguage":"fr-FR","@id":"https:\/\/riresdenfants-rouen.fr\/RE\/#\/schema\/person\/image\/","url":"https:\/\/secure.gravatar.com\/avatar\/ae30b793f3c3259367f955325487fd95?s=96&d=mm&r=g","contentUrl":"https:\/\/secure.gravatar.com\/avatar\/ae30b793f3c3259367f955325487fd95?s=96&d=mm&r=g","caption":"Francoise"},"url":"https:\/\/riresdenfants-rouen.fr\/RE\/author\/francoise\/"}]}},"_links":{"self":[{"href":"https:\/\/riresdenfants-rouen.fr\/RE\/wp-json\/wp\/v2\/posts\/400"}],"collection":[{"href":"https:\/\/riresdenfants-rouen.fr\/RE\/wp-json\/wp\/v2\/posts"}],"about":[{"href":"https:\/\/riresdenfants-rouen.fr\/RE\/wp-json\/wp\/v2\/types\/post"}],"author":[{"embeddable":true,"href":"https:\/\/riresdenfants-rouen.fr\/RE\/wp-json\/wp\/v2\/users\/1"}],"replies":[{"embeddable":true,"href":"https:\/\/riresdenfants-rouen.fr\/RE\/wp-json\/wp\/v2\/comments?post=400"}],"version-history":[{"count":17,"href":"https:\/\/riresdenfants-rouen.fr\/RE\/wp-json\/wp\/v2\/posts\/400\/revisions"}],"predecessor-version":[{"id":419,"href":"https:\/\/riresdenfants-rouen.fr\/RE\/wp-json\/wp\/v2\/posts\/400\/revisions\/419"}],"wp:attachment":[{"href":"https:\/\/riresdenfants-rouen.fr\/RE\/wp-json\/wp\/v2\/media?parent=400"}],"wp:term":[{"taxonomy":"category","embeddable":true,"href":"https:\/\/riresdenfants-rouen.fr\/RE\/wp-json\/wp\/v2\/categories?post=400"},{"taxonomy":"post_tag","embeddable":true,"href":"https:\/\/riresdenfants-rouen.fr\/RE\/wp-json\/wp\/v2\/tags?post=400"}],"curies":[{"name":"wp","href":"https:\/\/api.w.org\/{rel}","templated":true}]}}