{"id":365,"date":"2021-05-08T15:24:10","date_gmt":"2021-05-08T13:24:10","guid":{"rendered":"https:\/\/riresdenfants-rouen.fr\/RE\/?p=365"},"modified":"2021-05-08T15:25:13","modified_gmt":"2021-05-08T13:25:13","slug":"la-securite-pour-le-bien-des-enfants","status":"publish","type":"post","link":"https:\/\/riresdenfants-rouen.fr\/RE\/2021\/05\/08\/la-securite-pour-le-bien-des-enfants\/","title":{"rendered":"La s\u00e9curit\u00e9 pour le bien des enfants"},"content":{"rendered":"\n<figure class=\"wp-block-image size-large\"><img loading=\"lazy\" decoding=\"async\" width=\"768\" height=\"1024\" src=\"https:\/\/riresdenfants-rouen.fr\/RE\/wp-content\/uploads\/2021\/05\/IMG_1050-1-768x1024.jpeg\" alt=\"\" class=\"wp-image-377\" srcset=\"https:\/\/riresdenfants-rouen.fr\/RE\/wp-content\/uploads\/2021\/05\/IMG_1050-1-768x1024.jpeg 768w, https:\/\/riresdenfants-rouen.fr\/RE\/wp-content\/uploads\/2021\/05\/IMG_1050-1-225x300.jpeg 225w, https:\/\/riresdenfants-rouen.fr\/RE\/wp-content\/uploads\/2021\/05\/IMG_1050-1-1152x1536.jpeg 1152w, https:\/\/riresdenfants-rouen.fr\/RE\/wp-content\/uploads\/2021\/05\/IMG_1050-1-1536x2048.jpeg 1536w, https:\/\/riresdenfants-rouen.fr\/RE\/wp-content\/uploads\/2021\/05\/IMG_1050-1-scaled.jpeg 1920w\" sizes=\"(max-width: 768px) 100vw, 768px\" \/><\/figure>\n\n\n\n<p>Merci \u00e0 la soci\u00e9t\u00e9 INNOSPEC  de Vernon d&#8217;offrir \u00e0 l&#8217;association Rires d&#8217;Enfants la prime attribu\u00e9e  pour 7 ann\u00e9es cons\u00e9cutives sans accident de travail. <\/p>\n\n\n\n<figure class=\"wp-block-image size-large\"><img loading=\"lazy\" decoding=\"async\" width=\"1024\" height=\"768\" src=\"https:\/\/riresdenfants-rouen.fr\/RE\/wp-content\/uploads\/2021\/05\/IMG_1029-1024x768.jpg\" alt=\"\" class=\"wp-image-376\" srcset=\"https:\/\/riresdenfants-rouen.fr\/RE\/wp-content\/uploads\/2021\/05\/IMG_1029-1024x768.jpg 1024w, https:\/\/riresdenfants-rouen.fr\/RE\/wp-content\/uploads\/2021\/05\/IMG_1029-300x225.jpg 300w, https:\/\/riresdenfants-rouen.fr\/RE\/wp-content\/uploads\/2021\/05\/IMG_1029-768x576.jpg 768w, https:\/\/riresdenfants-rouen.fr\/RE\/wp-content\/uploads\/2021\/05\/IMG_1029-1536x1152.jpg 1536w, https:\/\/riresdenfants-rouen.fr\/RE\/wp-content\/uploads\/2021\/05\/IMG_1029-2048x1536.jpg 2048w\" sizes=\"(max-width: 1024px) 100vw, 1024px\" \/><\/figure>\n\n\n\n<figure class=\"wp-block-image size-large\"><img loading=\"lazy\" decoding=\"async\" width=\"1024\" height=\"768\" src=\"https:\/\/riresdenfants-rouen.fr\/RE\/wp-content\/uploads\/2021\/05\/IMG_1030-1024x768.jpeg\" alt=\"\" class=\"wp-image-375\" srcset=\"https:\/\/riresdenfants-rouen.fr\/RE\/wp-content\/uploads\/2021\/05\/IMG_1030-1024x768.jpeg 1024w, https:\/\/riresdenfants-rouen.fr\/RE\/wp-content\/uploads\/2021\/05\/IMG_1030-300x225.jpeg 300w, https:\/\/riresdenfants-rouen.fr\/RE\/wp-content\/uploads\/2021\/05\/IMG_1030-768x576.jpeg 768w, https:\/\/riresdenfants-rouen.fr\/RE\/wp-content\/uploads\/2021\/05\/IMG_1030-1536x1152.jpeg 1536w, https:\/\/riresdenfants-rouen.fr\/RE\/wp-content\/uploads\/2021\/05\/IMG_1030-2048x1536.jpeg 2048w\" sizes=\"(max-width: 1024px) 100vw, 1024px\" \/><\/figure>\n\n\n\n<p><\/p>\n\n\n\n<p>Ce don nous permet de poursuivre notre projet de d\u00e9coration des services pour le plus grand plaisir des enfants malades comme ici dans la salle d&#8217;attente des urgences. <\/p>\n\n\n\n\n\n<p><\/p>\n\n\n\n<figure class=\"wp-block-image size-large\"><img decoding=\"async\" src=\"https:\/\/riresdenfants-rouen.fr\/RE\/wp-content\/uploads\/2021\/05\/IMG_1050.heic\" alt=\"\" class=\"wp-image-366\"\/><\/figure>\n","protected":false},"excerpt":{"rendered":"<p>Merci \u00e0 la soci\u00e9t\u00e9 INNOSPEC de Vernon d&#8217;offrir \u00e0 l&#8217;association Rires d&#8217;Enfants la prime attribu\u00e9e pour 7 ann\u00e9es cons\u00e9cutives sans accident de travail. Ce don nous permet de poursuivre notre projet de d\u00e9coration des services pour le plus grand plaisir des enfants malades comme ici dans la salle d&#8217;attente des urgences.<\/p>\n","protected":false},"author":1,"featured_media":0,"comment_status":"open","ping_status":"open","sticky":false,"template":"","format":"standard","meta":{"footnotes":""},"categories":[3,5],"tags":[],"yoast_head":"<!-- This site is optimized with the Yoast SEO plugin v21.1 - https:\/\/yoast.com\/wordpress\/plugins\/seo\/ -->\n<title>La s\u00e9curit\u00e9 pour le bien des enfants - Rires d&#039;enfants Rouen<\/title>\n<meta name=\"robots\" content=\"index, follow, max-snippet:-1, max-image-preview:large, max-video-preview:-1\" \/>\n<link rel=\"canonical\" href=\"https:\/\/riresdenfants-rouen.fr\/RE\/2021\/05\/08\/la-securite-pour-le-bien-des-enfants\/\" \/>\n<meta property=\"og:locale\" content=\"fr_FR\" \/>\n<meta property=\"og:type\" content=\"article\" \/>\n<meta property=\"og:title\" content=\"La s\u00e9curit\u00e9 pour le bien des enfants - Rires d&#039;enfants Rouen\" \/>\n<meta property=\"og:description\" content=\"Merci \u00e0 la soci\u00e9t\u00e9 INNOSPEC de Vernon d&#8217;offrir \u00e0 l&#8217;association Rires d&#8217;Enfants la prime attribu\u00e9e pour 7 ann\u00e9es cons\u00e9cutives sans accident de travail. Ce don nous permet de poursuivre notre projet de d\u00e9coration des services pour le plus grand plaisir des enfants malades comme ici dans la salle d&#8217;attente des urgences.\" \/>\n<meta property=\"og:url\" content=\"https:\/\/riresdenfants-rouen.fr\/RE\/2021\/05\/08\/la-securite-pour-le-bien-des-enfants\/\" \/>\n<meta property=\"og:site_name\" content=\"Rires d&#039;enfants Rouen\" \/>\n<meta property=\"article:publisher\" content=\"https:\/\/www.facebook.com\/Association-Rires-dEnfants-Rouen-211721688936602\/?view_public_for=211721688936602\" \/>\n<meta property=\"article:published_time\" content=\"2021-05-08T13:24:10+00:00\" \/>\n<meta property=\"article:modified_time\" content=\"2021-05-08T13:25:13+00:00\" \/>\n<meta property=\"og:image\" content=\"https:\/\/riresdenfants-rouen.fr\/RE\/wp-content\/uploads\/2021\/05\/IMG_1050-1-768x1024.jpeg\" \/>\n<meta name=\"author\" content=\"Francoise\" \/>\n<meta name=\"twitter:card\" content=\"summary_large_image\" \/>\n<meta name=\"twitter:label1\" content=\"\u00c9crit par\" \/>\n\t<meta name=\"twitter:data1\" content=\"Francoise\" \/>\n\t<meta name=\"twitter:label2\" content=\"Dur\u00e9e de lecture estim\u00e9e\" \/>\n\t<meta name=\"twitter:data2\" content=\"2 minutes\" \/>\n<script type=\"application\/ld+json\" class=\"yoast-schema-graph\">{\"@context\":\"https:\/\/schema.org\",\"@graph\":[{\"@type\":\"Article\",\"@id\":\"https:\/\/riresdenfants-rouen.fr\/RE\/2021\/05\/08\/la-securite-pour-le-bien-des-enfants\/#article\",\"isPartOf\":{\"@id\":\"https:\/\/riresdenfants-rouen.fr\/RE\/2021\/05\/08\/la-securite-pour-le-bien-des-enfants\/\"},\"author\":{\"name\":\"Francoise\",\"@id\":\"https:\/\/riresdenfants-rouen.fr\/RE\/#\/schema\/person\/218dfa3f2d0e889b1283f846fb28804c\"},\"headline\":\"La s\u00e9curit\u00e9 pour le bien des enfants\",\"datePublished\":\"2021-05-08T13:24:10+00:00\",\"dateModified\":\"2021-05-08T13:25:13+00:00\",\"mainEntityOfPage\":{\"@id\":\"https:\/\/riresdenfants-rouen.fr\/RE\/2021\/05\/08\/la-securite-pour-le-bien-des-enfants\/\"},\"wordCount\":61,\"commentCount\":0,\"publisher\":{\"@id\":\"https:\/\/riresdenfants-rouen.fr\/RE\/#organization\"},\"articleSection\":[\"Actualit\u00e9\",\"bandeau\"],\"inLanguage\":\"fr-FR\",\"potentialAction\":[{\"@type\":\"CommentAction\",\"name\":\"Comment\",\"target\":[\"https:\/\/riresdenfants-rouen.fr\/RE\/2021\/05\/08\/la-securite-pour-le-bien-des-enfants\/#respond\"]}]},{\"@type\":\"WebPage\",\"@id\":\"https:\/\/riresdenfants-rouen.fr\/RE\/2021\/05\/08\/la-securite-pour-le-bien-des-enfants\/\",\"url\":\"https:\/\/riresdenfants-rouen.fr\/RE\/2021\/05\/08\/la-securite-pour-le-bien-des-enfants\/\",\"name\":\"La s\u00e9curit\u00e9 pour le bien des enfants - Rires d&#039;enfants Rouen\",\"isPartOf\":{\"@id\":\"https:\/\/riresdenfants-rouen.fr\/RE\/#website\"},\"datePublished\":\"2021-05-08T13:24:10+00:00\",\"dateModified\":\"2021-05-08T13:25:13+00:00\",\"breadcrumb\":{\"@id\":\"https:\/\/riresdenfants-rouen.fr\/RE\/2021\/05\/08\/la-securite-pour-le-bien-des-enfants\/#breadcrumb\"},\"inLanguage\":\"fr-FR\",\"potentialAction\":[{\"@type\":\"ReadAction\",\"target\":[\"https:\/\/riresdenfants-rouen.fr\/RE\/2021\/05\/08\/la-securite-pour-le-bien-des-enfants\/\"]}]},{\"@type\":\"BreadcrumbList\",\"@id\":\"https:\/\/riresdenfants-rouen.fr\/RE\/2021\/05\/08\/la-securite-pour-le-bien-des-enfants\/#breadcrumb\",\"itemListElement\":[{\"@type\":\"ListItem\",\"position\":1,\"name\":\"Accueil\",\"item\":\"https:\/\/riresdenfants-rouen.fr\/RE\/\"},{\"@type\":\"ListItem\",\"position\":2,\"name\":\"La s\u00e9curit\u00e9 pour le bien des enfants\"}]},{\"@type\":\"WebSite\",\"@id\":\"https:\/\/riresdenfants-rouen.fr\/RE\/#website\",\"url\":\"https:\/\/riresdenfants-rouen.fr\/RE\/\",\"name\":\"Rires d&#039;enfants Rouen\",\"description\":\"Rires d&#039;enfants intervient au CHU Rouen depuis plus de 40 ans pr\u00e8s des enfants malades avec 80 B\u00e9n\u00e9voles\",\"publisher\":{\"@id\":\"https:\/\/riresdenfants-rouen.fr\/RE\/#organization\"},\"potentialAction\":[{\"@type\":\"SearchAction\",\"target\":{\"@type\":\"EntryPoint\",\"urlTemplate\":\"https:\/\/riresdenfants-rouen.fr\/RE\/?s={search_term_string}\"},\"query-input\":\"required name=search_term_string\"}],\"inLanguage\":\"fr-FR\"},{\"@type\":\"Organization\",\"@id\":\"https:\/\/riresdenfants-rouen.fr\/RE\/#organization\",\"name\":\"Rires d&#039;enfants Rouen\",\"url\":\"https:\/\/riresdenfants-rouen.fr\/RE\/\",\"logo\":{\"@type\":\"ImageObject\",\"inLanguage\":\"fr-FR\",\"@id\":\"https:\/\/riresdenfants-rouen.fr\/RE\/#\/schema\/logo\/image\/\",\"url\":\"https:\/\/riresdenfants-rouen.fr\/RE\/wp-content\/uploads\/2020\/08\/cropped-cropped-rire_enfants_logo-e1504523736962-300x300-1-2.jpg\",\"contentUrl\":\"https:\/\/riresdenfants-rouen.fr\/RE\/wp-content\/uploads\/2020\/08\/cropped-cropped-rire_enfants_logo-e1504523736962-300x300-1-2.jpg\",\"width\":248,\"height\":248,\"caption\":\"Rires d&#039;enfants Rouen\"},\"image\":{\"@id\":\"https:\/\/riresdenfants-rouen.fr\/RE\/#\/schema\/logo\/image\/\"},\"sameAs\":[\"https:\/\/www.facebook.com\/Association-Rires-dEnfants-Rouen-211721688936602\/?view_public_for=211721688936602\"]},{\"@type\":\"Person\",\"@id\":\"https:\/\/riresdenfants-rouen.fr\/RE\/#\/schema\/person\/218dfa3f2d0e889b1283f846fb28804c\",\"name\":\"Francoise\",\"image\":{\"@type\":\"ImageObject\",\"inLanguage\":\"fr-FR\",\"@id\":\"https:\/\/riresdenfants-rouen.fr\/RE\/#\/schema\/person\/image\/\",\"url\":\"https:\/\/secure.gravatar.com\/avatar\/ae30b793f3c3259367f955325487fd95?s=96&d=mm&r=g\",\"contentUrl\":\"https:\/\/secure.gravatar.com\/avatar\/ae30b793f3c3259367f955325487fd95?s=96&d=mm&r=g\",\"caption\":\"Francoise\"},\"url\":\"https:\/\/riresdenfants-rouen.fr\/RE\/author\/francoise\/\"}]}<\/script>\n<!-- \/ Yoast SEO plugin. -->","yoast_head_json":{"title":"La s\u00e9curit\u00e9 pour le bien des enfants - Rires d&#039;enfants Rouen","robots":{"index":"index","follow":"follow","max-snippet":"max-snippet:-1","max-image-preview":"max-image-preview:large","max-video-preview":"max-video-preview:-1"},"canonical":"https:\/\/riresdenfants-rouen.fr\/RE\/2021\/05\/08\/la-securite-pour-le-bien-des-enfants\/","og_locale":"fr_FR","og_type":"article","og_title":"La s\u00e9curit\u00e9 pour le bien des enfants - Rires d&#039;enfants Rouen","og_description":"Merci \u00e0 la soci\u00e9t\u00e9 INNOSPEC de Vernon d&#8217;offrir \u00e0 l&#8217;association Rires d&#8217;Enfants la prime attribu\u00e9e pour 7 ann\u00e9es cons\u00e9cutives sans accident de travail. Ce don nous permet de poursuivre notre projet de d\u00e9coration des services pour le plus grand plaisir des enfants malades comme ici dans la salle d&#8217;attente des urgences.","og_url":"https:\/\/riresdenfants-rouen.fr\/RE\/2021\/05\/08\/la-securite-pour-le-bien-des-enfants\/","og_site_name":"Rires d&#039;enfants Rouen","article_publisher":"https:\/\/www.facebook.com\/Association-Rires-dEnfants-Rouen-211721688936602\/?view_public_for=211721688936602","article_published_time":"2021-05-08T13:24:10+00:00","article_modified_time":"2021-05-08T13:25:13+00:00","og_image":[{"url":"https:\/\/riresdenfants-rouen.fr\/RE\/wp-content\/uploads\/2021\/05\/IMG_1050-1-768x1024.jpeg"}],"author":"Francoise","twitter_card":"summary_large_image","twitter_misc":{"\u00c9crit par":"Francoise","Dur\u00e9e de lecture estim\u00e9e":"2 minutes"},"schema":{"@context":"https:\/\/schema.org","@graph":[{"@type":"Article","@id":"https:\/\/riresdenfants-rouen.fr\/RE\/2021\/05\/08\/la-securite-pour-le-bien-des-enfants\/#article","isPartOf":{"@id":"https:\/\/riresdenfants-rouen.fr\/RE\/2021\/05\/08\/la-securite-pour-le-bien-des-enfants\/"},"author":{"name":"Francoise","@id":"https:\/\/riresdenfants-rouen.fr\/RE\/#\/schema\/person\/218dfa3f2d0e889b1283f846fb28804c"},"headline":"La s\u00e9curit\u00e9 pour le bien des enfants","datePublished":"2021-05-08T13:24:10+00:00","dateModified":"2021-05-08T13:25:13+00:00","mainEntityOfPage":{"@id":"https:\/\/riresdenfants-rouen.fr\/RE\/2021\/05\/08\/la-securite-pour-le-bien-des-enfants\/"},"wordCount":61,"commentCount":0,"publisher":{"@id":"https:\/\/riresdenfants-rouen.fr\/RE\/#organization"},"articleSection":["Actualit\u00e9","bandeau"],"inLanguage":"fr-FR","potentialAction":[{"@type":"CommentAction","name":"Comment","target":["https:\/\/riresdenfants-rouen.fr\/RE\/2021\/05\/08\/la-securite-pour-le-bien-des-enfants\/#respond"]}]},{"@type":"WebPage","@id":"https:\/\/riresdenfants-rouen.fr\/RE\/2021\/05\/08\/la-securite-pour-le-bien-des-enfants\/","url":"https:\/\/riresdenfants-rouen.fr\/RE\/2021\/05\/08\/la-securite-pour-le-bien-des-enfants\/","name":"La s\u00e9curit\u00e9 pour le bien des enfants - Rires d&#039;enfants Rouen","isPartOf":{"@id":"https:\/\/riresdenfants-rouen.fr\/RE\/#website"},"datePublished":"2021-05-08T13:24:10+00:00","dateModified":"2021-05-08T13:25:13+00:00","breadcrumb":{"@id":"https:\/\/riresdenfants-rouen.fr\/RE\/2021\/05\/08\/la-securite-pour-le-bien-des-enfants\/#breadcrumb"},"inLanguage":"fr-FR","potentialAction":[{"@type":"ReadAction","target":["https:\/\/riresdenfants-rouen.fr\/RE\/2021\/05\/08\/la-securite-pour-le-bien-des-enfants\/"]}]},{"@type":"BreadcrumbList","@id":"https:\/\/riresdenfants-rouen.fr\/RE\/2021\/05\/08\/la-securite-pour-le-bien-des-enfants\/#breadcrumb","itemListElement":[{"@type":"ListItem","position":1,"name":"Accueil","item":"https:\/\/riresdenfants-rouen.fr\/RE\/"},{"@type":"ListItem","position":2,"name":"La s\u00e9curit\u00e9 pour le bien des enfants"}]},{"@type":"WebSite","@id":"https:\/\/riresdenfants-rouen.fr\/RE\/#website","url":"https:\/\/riresdenfants-rouen.fr\/RE\/","name":"Rires d&#039;enfants Rouen","description":"Rires d&#039;enfants intervient au CHU Rouen depuis plus de 40 ans pr\u00e8s des enfants malades avec 80 B\u00e9n\u00e9voles","publisher":{"@id":"https:\/\/riresdenfants-rouen.fr\/RE\/#organization"},"potentialAction":[{"@type":"SearchAction","target":{"@type":"EntryPoint","urlTemplate":"https:\/\/riresdenfants-rouen.fr\/RE\/?s={search_term_string}"},"query-input":"required name=search_term_string"}],"inLanguage":"fr-FR"},{"@type":"Organization","@id":"https:\/\/riresdenfants-rouen.fr\/RE\/#organization","name":"Rires d&#039;enfants Rouen","url":"https:\/\/riresdenfants-rouen.fr\/RE\/","logo":{"@type":"ImageObject","inLanguage":"fr-FR","@id":"https:\/\/riresdenfants-rouen.fr\/RE\/#\/schema\/logo\/image\/","url":"https:\/\/riresdenfants-rouen.fr\/RE\/wp-content\/uploads\/2020\/08\/cropped-cropped-rire_enfants_logo-e1504523736962-300x300-1-2.jpg","contentUrl":"https:\/\/riresdenfants-rouen.fr\/RE\/wp-content\/uploads\/2020\/08\/cropped-cropped-rire_enfants_logo-e1504523736962-300x300-1-2.jpg","width":248,"height":248,"caption":"Rires d&#039;enfants Rouen"},"image":{"@id":"https:\/\/riresdenfants-rouen.fr\/RE\/#\/schema\/logo\/image\/"},"sameAs":["https:\/\/www.facebook.com\/Association-Rires-dEnfants-Rouen-211721688936602\/?view_public_for=211721688936602"]},{"@type":"Person","@id":"https:\/\/riresdenfants-rouen.fr\/RE\/#\/schema\/person\/218dfa3f2d0e889b1283f846fb28804c","name":"Francoise","image":{"@type":"ImageObject","inLanguage":"fr-FR","@id":"https:\/\/riresdenfants-rouen.fr\/RE\/#\/schema\/person\/image\/","url":"https:\/\/secure.gravatar.com\/avatar\/ae30b793f3c3259367f955325487fd95?s=96&d=mm&r=g","contentUrl":"https:\/\/secure.gravatar.com\/avatar\/ae30b793f3c3259367f955325487fd95?s=96&d=mm&r=g","caption":"Francoise"},"url":"https:\/\/riresdenfants-rouen.fr\/RE\/author\/francoise\/"}]}},"_links":{"self":[{"href":"https:\/\/riresdenfants-rouen.fr\/RE\/wp-json\/wp\/v2\/posts\/365"}],"collection":[{"href":"https:\/\/riresdenfants-rouen.fr\/RE\/wp-json\/wp\/v2\/posts"}],"about":[{"href":"https:\/\/riresdenfants-rouen.fr\/RE\/wp-json\/wp\/v2\/types\/post"}],"author":[{"embeddable":true,"href":"https:\/\/riresdenfants-rouen.fr\/RE\/wp-json\/wp\/v2\/users\/1"}],"replies":[{"embeddable":true,"href":"https:\/\/riresdenfants-rouen.fr\/RE\/wp-json\/wp\/v2\/comments?post=365"}],"version-history":[{"count":13,"href":"https:\/\/riresdenfants-rouen.fr\/RE\/wp-json\/wp\/v2\/posts\/365\/revisions"}],"predecessor-version":[{"id":384,"href":"https:\/\/riresdenfants-rouen.fr\/RE\/wp-json\/wp\/v2\/posts\/365\/revisions\/384"}],"wp:attachment":[{"href":"https:\/\/riresdenfants-rouen.fr\/RE\/wp-json\/wp\/v2\/media?parent=365"}],"wp:term":[{"taxonomy":"category","embeddable":true,"href":"https:\/\/riresdenfants-rouen.fr\/RE\/wp-json\/wp\/v2\/categories?post=365"},{"taxonomy":"post_tag","embeddable":true,"href":"https:\/\/riresdenfants-rouen.fr\/RE\/wp-json\/wp\/v2\/tags?post=365"}],"curies":[{"name":"wp","href":"https:\/\/api.w.org\/{rel}","templated":true}]}}