{"id":267,"date":"2019-10-04T21:10:00","date_gmt":"2019-10-04T19:10:00","guid":{"rendered":"https:\/\/riresdenfants-rouen.fr\/RE\/?p=267"},"modified":"2020-09-30T21:27:10","modified_gmt":"2020-09-30T19:27:10","slug":"en-avant-la-musique","status":"publish","type":"post","link":"https:\/\/riresdenfants-rouen.fr\/RE\/2019\/10\/04\/en-avant-la-musique\/","title":{"rendered":"En avant la musique"},"content":{"rendered":"\n<figure class=\"wp-block-image size-large\"><img loading=\"lazy\" decoding=\"async\" width=\"768\" height=\"1024\" src=\"https:\/\/riresdenfants-rouen.fr\/RE\/wp-content\/uploads\/2020\/09\/Steve-piano-768x1024.jpg\" alt=\"\" class=\"wp-image-270\" srcset=\"https:\/\/riresdenfants-rouen.fr\/RE\/wp-content\/uploads\/2020\/09\/Steve-piano-768x1024.jpg 768w, https:\/\/riresdenfants-rouen.fr\/RE\/wp-content\/uploads\/2020\/09\/Steve-piano-225x300.jpg 225w, https:\/\/riresdenfants-rouen.fr\/RE\/wp-content\/uploads\/2020\/09\/Steve-piano-1152x1536.jpg 1152w, https:\/\/riresdenfants-rouen.fr\/RE\/wp-content\/uploads\/2020\/09\/Steve-piano-1536x2048.jpg 1536w, https:\/\/riresdenfants-rouen.fr\/RE\/wp-content\/uploads\/2020\/09\/Steve-piano-scaled.jpg 1920w\" sizes=\"(max-width: 768px) 100vw, 768px\" \/><\/figure>\n\n\n\n<p>Est-ce un concerto pour 4 mains?   Steve, c&#8217;est  certain, a r\u00e9ussi \u00e0 enchanter cette jeune fille et \u00e0 lui faire oublier un instant qu&#8217;elle \u00e9tait \u00e0 l&#8217;h\u00f4pital.<\/p>\n","protected":false},"excerpt":{"rendered":"<p>Est-ce un concerto pour 4 mains? Steve, c&#8217;est certain, a r\u00e9ussi \u00e0 enchanter cette jeune fille et \u00e0 lui faire oublier un instant qu&#8217;elle \u00e9tait \u00e0 l&#8217;h\u00f4pital.<\/p>\n","protected":false},"author":1,"featured_media":0,"comment_status":"open","ping_status":"open","sticky":false,"template":"","format":"standard","meta":{"footnotes":""},"categories":[1],"tags":[],"yoast_head":"<!-- This site is optimized with the Yoast SEO plugin v21.1 - https:\/\/yoast.com\/wordpress\/plugins\/seo\/ -->\n<title>En avant la musique - Rires d&#039;enfants Rouen<\/title>\n<meta name=\"robots\" content=\"index, follow, max-snippet:-1, max-image-preview:large, max-video-preview:-1\" \/>\n<link rel=\"canonical\" href=\"https:\/\/riresdenfants-rouen.fr\/RE\/2019\/10\/04\/en-avant-la-musique\/\" \/>\n<meta property=\"og:locale\" content=\"fr_FR\" \/>\n<meta property=\"og:type\" content=\"article\" \/>\n<meta property=\"og:title\" content=\"En avant la musique - Rires d&#039;enfants Rouen\" \/>\n<meta property=\"og:description\" content=\"Est-ce un concerto pour 4 mains? Steve, c&#8217;est certain, a r\u00e9ussi \u00e0 enchanter cette jeune fille et \u00e0 lui faire oublier un instant qu&#8217;elle \u00e9tait \u00e0 l&#8217;h\u00f4pital.\" \/>\n<meta property=\"og:url\" content=\"https:\/\/riresdenfants-rouen.fr\/RE\/2019\/10\/04\/en-avant-la-musique\/\" \/>\n<meta property=\"og:site_name\" content=\"Rires d&#039;enfants Rouen\" \/>\n<meta property=\"article:publisher\" content=\"https:\/\/www.facebook.com\/Association-Rires-dEnfants-Rouen-211721688936602\/?view_public_for=211721688936602\" \/>\n<meta property=\"article:published_time\" content=\"2019-10-04T19:10:00+00:00\" \/>\n<meta property=\"article:modified_time\" content=\"2020-09-30T19:27:10+00:00\" \/>\n<meta property=\"og:image\" content=\"https:\/\/riresdenfants-rouen.fr\/RE\/wp-content\/uploads\/2020\/09\/Steve-piano-768x1024.jpg\" \/>\n<meta name=\"author\" content=\"Francoise\" \/>\n<meta name=\"twitter:card\" content=\"summary_large_image\" \/>\n<meta name=\"twitter:label1\" content=\"\u00c9crit par\" \/>\n\t<meta name=\"twitter:data1\" content=\"Francoise\" \/>\n<script type=\"application\/ld+json\" class=\"yoast-schema-graph\">{\"@context\":\"https:\/\/schema.org\",\"@graph\":[{\"@type\":\"Article\",\"@id\":\"https:\/\/riresdenfants-rouen.fr\/RE\/2019\/10\/04\/en-avant-la-musique\/#article\",\"isPartOf\":{\"@id\":\"https:\/\/riresdenfants-rouen.fr\/RE\/2019\/10\/04\/en-avant-la-musique\/\"},\"author\":{\"name\":\"Francoise\",\"@id\":\"https:\/\/riresdenfants-rouen.fr\/RE\/#\/schema\/person\/218dfa3f2d0e889b1283f846fb28804c\"},\"headline\":\"En avant la musique\",\"datePublished\":\"2019-10-04T19:10:00+00:00\",\"dateModified\":\"2020-09-30T19:27:10+00:00\",\"mainEntityOfPage\":{\"@id\":\"https:\/\/riresdenfants-rouen.fr\/RE\/2019\/10\/04\/en-avant-la-musique\/\"},\"wordCount\":29,\"commentCount\":0,\"publisher\":{\"@id\":\"https:\/\/riresdenfants-rouen.fr\/RE\/#organization\"},\"inLanguage\":\"fr-FR\",\"potentialAction\":[{\"@type\":\"CommentAction\",\"name\":\"Comment\",\"target\":[\"https:\/\/riresdenfants-rouen.fr\/RE\/2019\/10\/04\/en-avant-la-musique\/#respond\"]}]},{\"@type\":\"WebPage\",\"@id\":\"https:\/\/riresdenfants-rouen.fr\/RE\/2019\/10\/04\/en-avant-la-musique\/\",\"url\":\"https:\/\/riresdenfants-rouen.fr\/RE\/2019\/10\/04\/en-avant-la-musique\/\",\"name\":\"En avant la musique - Rires d&#039;enfants Rouen\",\"isPartOf\":{\"@id\":\"https:\/\/riresdenfants-rouen.fr\/RE\/#website\"},\"datePublished\":\"2019-10-04T19:10:00+00:00\",\"dateModified\":\"2020-09-30T19:27:10+00:00\",\"breadcrumb\":{\"@id\":\"https:\/\/riresdenfants-rouen.fr\/RE\/2019\/10\/04\/en-avant-la-musique\/#breadcrumb\"},\"inLanguage\":\"fr-FR\",\"potentialAction\":[{\"@type\":\"ReadAction\",\"target\":[\"https:\/\/riresdenfants-rouen.fr\/RE\/2019\/10\/04\/en-avant-la-musique\/\"]}]},{\"@type\":\"BreadcrumbList\",\"@id\":\"https:\/\/riresdenfants-rouen.fr\/RE\/2019\/10\/04\/en-avant-la-musique\/#breadcrumb\",\"itemListElement\":[{\"@type\":\"ListItem\",\"position\":1,\"name\":\"Accueil\",\"item\":\"https:\/\/riresdenfants-rouen.fr\/RE\/\"},{\"@type\":\"ListItem\",\"position\":2,\"name\":\"En avant la musique\"}]},{\"@type\":\"WebSite\",\"@id\":\"https:\/\/riresdenfants-rouen.fr\/RE\/#website\",\"url\":\"https:\/\/riresdenfants-rouen.fr\/RE\/\",\"name\":\"Rires d&#039;enfants Rouen\",\"description\":\"Rires d&#039;enfants intervient au CHU Rouen depuis plus de 40 ans pr\u00e8s des enfants malades avec 80 B\u00e9n\u00e9voles\",\"publisher\":{\"@id\":\"https:\/\/riresdenfants-rouen.fr\/RE\/#organization\"},\"potentialAction\":[{\"@type\":\"SearchAction\",\"target\":{\"@type\":\"EntryPoint\",\"urlTemplate\":\"https:\/\/riresdenfants-rouen.fr\/RE\/?s={search_term_string}\"},\"query-input\":\"required name=search_term_string\"}],\"inLanguage\":\"fr-FR\"},{\"@type\":\"Organization\",\"@id\":\"https:\/\/riresdenfants-rouen.fr\/RE\/#organization\",\"name\":\"Rires d&#039;enfants Rouen\",\"url\":\"https:\/\/riresdenfants-rouen.fr\/RE\/\",\"logo\":{\"@type\":\"ImageObject\",\"inLanguage\":\"fr-FR\",\"@id\":\"https:\/\/riresdenfants-rouen.fr\/RE\/#\/schema\/logo\/image\/\",\"url\":\"https:\/\/riresdenfants-rouen.fr\/RE\/wp-content\/uploads\/2020\/08\/cropped-cropped-rire_enfants_logo-e1504523736962-300x300-1-2.jpg\",\"contentUrl\":\"https:\/\/riresdenfants-rouen.fr\/RE\/wp-content\/uploads\/2020\/08\/cropped-cropped-rire_enfants_logo-e1504523736962-300x300-1-2.jpg\",\"width\":248,\"height\":248,\"caption\":\"Rires d&#039;enfants Rouen\"},\"image\":{\"@id\":\"https:\/\/riresdenfants-rouen.fr\/RE\/#\/schema\/logo\/image\/\"},\"sameAs\":[\"https:\/\/www.facebook.com\/Association-Rires-dEnfants-Rouen-211721688936602\/?view_public_for=211721688936602\"]},{\"@type\":\"Person\",\"@id\":\"https:\/\/riresdenfants-rouen.fr\/RE\/#\/schema\/person\/218dfa3f2d0e889b1283f846fb28804c\",\"name\":\"Francoise\",\"image\":{\"@type\":\"ImageObject\",\"inLanguage\":\"fr-FR\",\"@id\":\"https:\/\/riresdenfants-rouen.fr\/RE\/#\/schema\/person\/image\/\",\"url\":\"https:\/\/secure.gravatar.com\/avatar\/ae30b793f3c3259367f955325487fd95?s=96&d=mm&r=g\",\"contentUrl\":\"https:\/\/secure.gravatar.com\/avatar\/ae30b793f3c3259367f955325487fd95?s=96&d=mm&r=g\",\"caption\":\"Francoise\"},\"url\":\"https:\/\/riresdenfants-rouen.fr\/RE\/author\/francoise\/\"}]}<\/script>\n<!-- \/ Yoast SEO plugin. -->","yoast_head_json":{"title":"En avant la musique - Rires d&#039;enfants Rouen","robots":{"index":"index","follow":"follow","max-snippet":"max-snippet:-1","max-image-preview":"max-image-preview:large","max-video-preview":"max-video-preview:-1"},"canonical":"https:\/\/riresdenfants-rouen.fr\/RE\/2019\/10\/04\/en-avant-la-musique\/","og_locale":"fr_FR","og_type":"article","og_title":"En avant la musique - Rires d&#039;enfants Rouen","og_description":"Est-ce un concerto pour 4 mains? Steve, c&#8217;est certain, a r\u00e9ussi \u00e0 enchanter cette jeune fille et \u00e0 lui faire oublier un instant qu&#8217;elle \u00e9tait \u00e0 l&#8217;h\u00f4pital.","og_url":"https:\/\/riresdenfants-rouen.fr\/RE\/2019\/10\/04\/en-avant-la-musique\/","og_site_name":"Rires d&#039;enfants Rouen","article_publisher":"https:\/\/www.facebook.com\/Association-Rires-dEnfants-Rouen-211721688936602\/?view_public_for=211721688936602","article_published_time":"2019-10-04T19:10:00+00:00","article_modified_time":"2020-09-30T19:27:10+00:00","og_image":[{"url":"https:\/\/riresdenfants-rouen.fr\/RE\/wp-content\/uploads\/2020\/09\/Steve-piano-768x1024.jpg"}],"author":"Francoise","twitter_card":"summary_large_image","twitter_misc":{"\u00c9crit par":"Francoise"},"schema":{"@context":"https:\/\/schema.org","@graph":[{"@type":"Article","@id":"https:\/\/riresdenfants-rouen.fr\/RE\/2019\/10\/04\/en-avant-la-musique\/#article","isPartOf":{"@id":"https:\/\/riresdenfants-rouen.fr\/RE\/2019\/10\/04\/en-avant-la-musique\/"},"author":{"name":"Francoise","@id":"https:\/\/riresdenfants-rouen.fr\/RE\/#\/schema\/person\/218dfa3f2d0e889b1283f846fb28804c"},"headline":"En avant la musique","datePublished":"2019-10-04T19:10:00+00:00","dateModified":"2020-09-30T19:27:10+00:00","mainEntityOfPage":{"@id":"https:\/\/riresdenfants-rouen.fr\/RE\/2019\/10\/04\/en-avant-la-musique\/"},"wordCount":29,"commentCount":0,"publisher":{"@id":"https:\/\/riresdenfants-rouen.fr\/RE\/#organization"},"inLanguage":"fr-FR","potentialAction":[{"@type":"CommentAction","name":"Comment","target":["https:\/\/riresdenfants-rouen.fr\/RE\/2019\/10\/04\/en-avant-la-musique\/#respond"]}]},{"@type":"WebPage","@id":"https:\/\/riresdenfants-rouen.fr\/RE\/2019\/10\/04\/en-avant-la-musique\/","url":"https:\/\/riresdenfants-rouen.fr\/RE\/2019\/10\/04\/en-avant-la-musique\/","name":"En avant la musique - Rires d&#039;enfants Rouen","isPartOf":{"@id":"https:\/\/riresdenfants-rouen.fr\/RE\/#website"},"datePublished":"2019-10-04T19:10:00+00:00","dateModified":"2020-09-30T19:27:10+00:00","breadcrumb":{"@id":"https:\/\/riresdenfants-rouen.fr\/RE\/2019\/10\/04\/en-avant-la-musique\/#breadcrumb"},"inLanguage":"fr-FR","potentialAction":[{"@type":"ReadAction","target":["https:\/\/riresdenfants-rouen.fr\/RE\/2019\/10\/04\/en-avant-la-musique\/"]}]},{"@type":"BreadcrumbList","@id":"https:\/\/riresdenfants-rouen.fr\/RE\/2019\/10\/04\/en-avant-la-musique\/#breadcrumb","itemListElement":[{"@type":"ListItem","position":1,"name":"Accueil","item":"https:\/\/riresdenfants-rouen.fr\/RE\/"},{"@type":"ListItem","position":2,"name":"En avant la musique"}]},{"@type":"WebSite","@id":"https:\/\/riresdenfants-rouen.fr\/RE\/#website","url":"https:\/\/riresdenfants-rouen.fr\/RE\/","name":"Rires d&#039;enfants Rouen","description":"Rires d&#039;enfants intervient au CHU Rouen depuis plus de 40 ans pr\u00e8s des enfants malades avec 80 B\u00e9n\u00e9voles","publisher":{"@id":"https:\/\/riresdenfants-rouen.fr\/RE\/#organization"},"potentialAction":[{"@type":"SearchAction","target":{"@type":"EntryPoint","urlTemplate":"https:\/\/riresdenfants-rouen.fr\/RE\/?s={search_term_string}"},"query-input":"required name=search_term_string"}],"inLanguage":"fr-FR"},{"@type":"Organization","@id":"https:\/\/riresdenfants-rouen.fr\/RE\/#organization","name":"Rires d&#039;enfants Rouen","url":"https:\/\/riresdenfants-rouen.fr\/RE\/","logo":{"@type":"ImageObject","inLanguage":"fr-FR","@id":"https:\/\/riresdenfants-rouen.fr\/RE\/#\/schema\/logo\/image\/","url":"https:\/\/riresdenfants-rouen.fr\/RE\/wp-content\/uploads\/2020\/08\/cropped-cropped-rire_enfants_logo-e1504523736962-300x300-1-2.jpg","contentUrl":"https:\/\/riresdenfants-rouen.fr\/RE\/wp-content\/uploads\/2020\/08\/cropped-cropped-rire_enfants_logo-e1504523736962-300x300-1-2.jpg","width":248,"height":248,"caption":"Rires d&#039;enfants Rouen"},"image":{"@id":"https:\/\/riresdenfants-rouen.fr\/RE\/#\/schema\/logo\/image\/"},"sameAs":["https:\/\/www.facebook.com\/Association-Rires-dEnfants-Rouen-211721688936602\/?view_public_for=211721688936602"]},{"@type":"Person","@id":"https:\/\/riresdenfants-rouen.fr\/RE\/#\/schema\/person\/218dfa3f2d0e889b1283f846fb28804c","name":"Francoise","image":{"@type":"ImageObject","inLanguage":"fr-FR","@id":"https:\/\/riresdenfants-rouen.fr\/RE\/#\/schema\/person\/image\/","url":"https:\/\/secure.gravatar.com\/avatar\/ae30b793f3c3259367f955325487fd95?s=96&d=mm&r=g","contentUrl":"https:\/\/secure.gravatar.com\/avatar\/ae30b793f3c3259367f955325487fd95?s=96&d=mm&r=g","caption":"Francoise"},"url":"https:\/\/riresdenfants-rouen.fr\/RE\/author\/francoise\/"}]}},"_links":{"self":[{"href":"https:\/\/riresdenfants-rouen.fr\/RE\/wp-json\/wp\/v2\/posts\/267"}],"collection":[{"href":"https:\/\/riresdenfants-rouen.fr\/RE\/wp-json\/wp\/v2\/posts"}],"about":[{"href":"https:\/\/riresdenfants-rouen.fr\/RE\/wp-json\/wp\/v2\/types\/post"}],"author":[{"embeddable":true,"href":"https:\/\/riresdenfants-rouen.fr\/RE\/wp-json\/wp\/v2\/users\/1"}],"replies":[{"embeddable":true,"href":"https:\/\/riresdenfants-rouen.fr\/RE\/wp-json\/wp\/v2\/comments?post=267"}],"version-history":[{"count":4,"href":"https:\/\/riresdenfants-rouen.fr\/RE\/wp-json\/wp\/v2\/posts\/267\/revisions"}],"predecessor-version":[{"id":274,"href":"https:\/\/riresdenfants-rouen.fr\/RE\/wp-json\/wp\/v2\/posts\/267\/revisions\/274"}],"wp:attachment":[{"href":"https:\/\/riresdenfants-rouen.fr\/RE\/wp-json\/wp\/v2\/media?parent=267"}],"wp:term":[{"taxonomy":"category","embeddable":true,"href":"https:\/\/riresdenfants-rouen.fr\/RE\/wp-json\/wp\/v2\/categories?post=267"},{"taxonomy":"post_tag","embeddable":true,"href":"https:\/\/riresdenfants-rouen.fr\/RE\/wp-json\/wp\/v2\/tags?post=267"}],"curies":[{"name":"wp","href":"https:\/\/api.w.org\/{rel}","templated":true}]}}